{"id":1027,"date":"2020-07-20T00:46:05","date_gmt":"2020-07-19T23:46:05","guid":{"rendered":"https:\/\/www.arenal.com\/tendencias-cortes-de-pelo-mujer-2020\/"},"modified":"2023-08-22T11:16:14","modified_gmt":"2023-08-22T10:16:14","slug":"tendencias-cortes-de-pelo-mujer-2020","status":"publish","type":"post","link":"https:\/\/www.arenal.com\/blog\/tendencias-cortes-de-pelo-mujer-2020","title":{"rendered":"Verano 2020: Tendencias de cortes de pelo para mujer"},"content":{"rendered":"<p>Despu\u00e9s de todo lo que nos estamos encontrando este a\u00f1o puede que necesites un poco de inspiraci\u00f3n para un cambio de look. El 2020 nos ha tra\u00eddo <a href=\"https:\/\/www.arenal.com\/cabello\/coloracion\/c\/1_0000000991\">tintes de pelo<\/a> en casa y cortes de pelos a la desesperada, pero ahora que podemos acudir a la peluquer\u00eda\u2026 \u00bfcu\u00e1les son las tendencias? \u00bfQu\u00e9 cortes de pelo nos trae el verano 2020? En este post hacemos una recopilaci\u00f3n de los cortes de pelo de mujer con los que arrasar\u00e1s lo que queda de a\u00f1o.<\/p>\n<h2><strong>Top 3 cortes de pelo verano 2020<\/strong><\/h2>\n<p>Hay muchos cortes de pelo que vienen pisando fuerte, pero vamos a hacer un top 3 de los mejores cortes de pelo del verano 2020.<\/p>\n<ul>\n<li><strong>Long bob.<\/strong> Muchas mujeres quieren huir del pelo largo, pero tampoco se atreven con cortes de pelo muy cortos, por lo que encuentran una buena opci\u00f3n en el long bob, ya sea desfilado o sim\u00e9trico. Este corte, que no roza los hombros por muy poco, siempre es un acierto.<\/li>\n<li><strong>Corte shag.<\/strong> Si tienes ganas de darle vida a tu melena tienes que apuntarte este consejo: apuesta por el <strong>corte shag muy capeado<\/strong>. Las melenas o medias melenas son apuestas seguras temporada tras temporada, as\u00ed que si es tu caso quiz\u00e1 la mejor opci\u00f3n sea probar con las capas y los mechones desiguales para dar volumen y conseguir un estilo inconformista.<\/li>\n<li><strong>Melenas largas.<\/strong> Las melenas largas son muy dif\u00edciles de abandonar. \u00a1Lo entendemos a la perfecci\u00f3n! El pelo largo y sano siempre estar\u00e1 de moda, pero para asegurarte puedes cortar algunas capas para aligerar ciertas zonas, conseguir movimiento y huir del corte recto que da sensaci\u00f3n de apelmazamiento.<\/li>\n<\/ul>\n<h2><strong>Pelo corto para mujer 2020<\/strong><\/h2>\n<p>Si hay alguna certeza dentro de las tendencias estivales es que el pelo corto est\u00e1 siendo uno de los m\u00e1s solicitados. En esa b\u00fasqueda por la comodidad y por lavar sin peinar, estos cortes de pelo est\u00e1n siendo el gran descubrimiento para muchas mujeres. Adem\u00e1s, no se est\u00e1 optando por contornos muy limpios, sino que la tendencia viene marcada por la irregularidad del aspecto natural; y es que ahora m\u00e1s que nunca nos gusta la informalidad.<\/p>\n<p>El <strong>corte de pelo pixie<\/strong> sienta bien a la mayor\u00eda de las mujeres. Y adem\u00e1s tiene ese punto atrevido, sexy y moderno. Si quieres potenciar esta \u00faltima caracter\u00edstica prueba con un rubio platino\u2026 \u00a1El acierto estar\u00e1 asegurado! De hecho, como dec\u00edamos sobre la b\u00fasqueda de la naturalidad, no es de extra\u00f1ar que el corte pixie que est\u00e1 m\u00e1s de moda sea el <strong>shaggy<\/strong>, que es m\u00e1s capeado y alborotado.<\/p>\n<p>Otro de los cortes de pelo cortos de este verano es, sin duda, el <strong>corte mullet<\/strong>. Miley Cirus ha sido una de las que ha puesto sobre la mesa este corte caracterizado por dejar el cabello m\u00e1s corto en la parte superior de la cabeza y m\u00e1s largo en la de la nuca. \u00a1Eso s\u00ed! Solo recomendado para atrevidas.<\/p>\n<p>\u00bfY qu\u00e9 hay de los flequillos? Otra de las tendencias de pelo del verano 2020 es que no triunfan los flequillos rectos ni tupidos, sino que se llevan los naturales. Al igual que las melenas tienen un aire m\u00e1s desenfadado al llevarse los cortes shaggy, a capas, alborotados y naturales, los flequillos tienen que ir acordes a los cortes de pelo del verano. Por eso: flequillos s\u00ed, pero naturales, picados, con cierta irregularidad y abiertos.<\/p>\n<p>Con respecto al color de pelo del verano 2020, tenemos que decir que hay infinidad de opciones. Los tonos dorados y platinos est\u00e1n muy de moda, mientras que el color caoba y el bronde vienen con fuerza. Para las morenas la tendencia es el marr\u00f3n chocolate y si quieres apostar por las mechas e iluminar tu melena qu\u00e9date con estos nombres: balayage, babylight o smoky gold.<\/p>\n<p>Entonces, \u00bfqu\u00e9 corte y color de pelo van a definir tu verano?<\/p>\n","protected":false},"excerpt":{"rendered":"<p>Flequillo, long bob, melena larga.. te contamos las tendencias en cortes de pelo de mujer que arrasar\u00e1n  este verano 2020, \u00bfCon cu\u00e1l te identificas?<\/p>\n","protected":false},"author":1,"featured_media":1439,"comment_status":"open","ping_status":"open","sticky":false,"template":"","format":"standard","meta":{"footnotes":""},"categories":[234],"tags":[],"class_list":["post-1027","post","type-post","status-publish","format-standard","has-post-thumbnail","hentry","category-cuidado-del-cabello"],"featured_image_src":"https:\/\/www.arenal.com\/blog\/wp-content\/uploads\/2022\/01\/8954803159070.jpeg","author_info":{"display_name":"hiberus","author_link":"https:\/\/www.arenal.com\/blog\/author\/hiberus"},"yoast_head":"<!-- This site is optimized with the Yoast SEO plugin v27.4 - https:\/\/yoast.com\/product\/yoast-seo-wordpress\/ -->\n<title>Tendencias en cortes de pelo de mujer 2020 - Blog de Arenal<\/title>\n<meta name=\"description\" content=\"Flequillo, long bob, melena larga.. te contamos las tendencias en cortes de pelo de mujer que arrasar\u00e1n este verano 2020, \u00bfCon cu\u00e1l te identificas?\" \/>\n<meta name=\"robots\" content=\"index, follow, max-snippet:-1, max-image-preview:large, max-video-preview:-1\" \/>\n<link rel=\"canonical\" href=\"https:\/\/www.arenal.com\/blog\/tendencias-cortes-de-pelo-mujer-2020\" \/>\n<meta property=\"og:locale\" content=\"es_ES\" \/>\n<meta property=\"og:type\" content=\"article\" \/>\n<meta property=\"og:title\" content=\"Tendencias en cortes de pelo de mujer 2020 - Blog de Arenal\" \/>\n<meta property=\"og:description\" content=\"Flequillo, long bob, melena larga.. te contamos las tendencias en cortes de pelo de mujer que arrasar\u00e1n este verano 2020, \u00bfCon cu\u00e1l te identificas?\" \/>\n<meta property=\"og:url\" content=\"https:\/\/www.arenal.com\/blog\/tendencias-cortes-de-pelo-mujer-2020\" \/>\n<meta property=\"og:site_name\" content=\"Blog de Arenal\" \/>\n<meta property=\"article:published_time\" content=\"2020-07-19T23:46:05+00:00\" \/>\n<meta property=\"article:modified_time\" content=\"2023-08-22T10:16:14+00:00\" \/>\n<meta property=\"og:image\" content=\"https:\/\/www.arenal.com\/blog\/wp-content\/uploads\/2022\/01\/8954803159070.jpeg\" \/>\n\t<meta property=\"og:image:width\" content=\"2000\" \/>\n\t<meta property=\"og:image:height\" content=\"600\" \/>\n\t<meta property=\"og:image:type\" content=\"image\/jpeg\" \/>\n<meta name=\"author\" content=\"hiberus\" \/>\n<meta name=\"twitter:card\" content=\"summary_large_image\" \/>\n<meta name=\"twitter:title\" content=\"Tendencias en cortes de pelo de mujer 2020 - Blog de Arenal\" \/>\n<meta name=\"twitter:label1\" content=\"Escrito por\" \/>\n\t<meta name=\"twitter:data1\" content=\"hiberus\" \/>\n\t<meta name=\"twitter:label2\" content=\"Tiempo de lectura\" \/>\n\t<meta name=\"twitter:data2\" content=\"3 minutos\" \/>\n<script type=\"application\/ld+json\" class=\"yoast-schema-graph\">{\"@context\":\"https:\\\/\\\/schema.org\",\"@graph\":[{\"@type\":\"Article\",\"@id\":\"https:\\\/\\\/www.arenal.com\\\/blog\\\/tendencias-cortes-de-pelo-mujer-2020#article\",\"isPartOf\":{\"@id\":\"https:\\\/\\\/www.arenal.com\\\/blog\\\/tendencias-cortes-de-pelo-mujer-2020\"},\"author\":{\"name\":\"hiberus\",\"@id\":\"https:\\\/\\\/www.arenal.com\\\/blog\\\/#\\\/schema\\\/person\\\/5b0f9900f2fb7a87b0b8c40b98a29e31\"},\"headline\":\"Verano 2020: Tendencias de cortes de pelo para mujer\",\"datePublished\":\"2020-07-19T23:46:05+00:00\",\"dateModified\":\"2023-08-22T10:16:14+00:00\",\"mainEntityOfPage\":{\"@id\":\"https:\\\/\\\/www.arenal.com\\\/blog\\\/tendencias-cortes-de-pelo-mujer-2020\"},\"wordCount\":666,\"commentCount\":0,\"image\":{\"@id\":\"https:\\\/\\\/www.arenal.com\\\/blog\\\/tendencias-cortes-de-pelo-mujer-2020#primaryimage\"},\"thumbnailUrl\":\"https:\\\/\\\/www.arenal.com\\\/blog\\\/wp-content\\\/uploads\\\/2022\\\/01\\\/8954803159070.jpeg\",\"articleSection\":[\"Cuidado del cabello\"],\"inLanguage\":\"es\",\"potentialAction\":[{\"@type\":\"CommentAction\",\"name\":\"Comment\",\"target\":[\"https:\\\/\\\/www.arenal.com\\\/blog\\\/tendencias-cortes-de-pelo-mujer-2020#respond\"]}]},{\"@type\":\"WebPage\",\"@id\":\"https:\\\/\\\/www.arenal.com\\\/blog\\\/tendencias-cortes-de-pelo-mujer-2020\",\"url\":\"https:\\\/\\\/www.arenal.com\\\/blog\\\/tendencias-cortes-de-pelo-mujer-2020\",\"name\":\"Tendencias en cortes de pelo de mujer 2020 - Blog de Arenal\",\"isPartOf\":{\"@id\":\"https:\\\/\\\/www.arenal.com\\\/blog\\\/#website\"},\"primaryImageOfPage\":{\"@id\":\"https:\\\/\\\/www.arenal.com\\\/blog\\\/tendencias-cortes-de-pelo-mujer-2020#primaryimage\"},\"image\":{\"@id\":\"https:\\\/\\\/www.arenal.com\\\/blog\\\/tendencias-cortes-de-pelo-mujer-2020#primaryimage\"},\"thumbnailUrl\":\"https:\\\/\\\/www.arenal.com\\\/blog\\\/wp-content\\\/uploads\\\/2022\\\/01\\\/8954803159070.jpeg\",\"datePublished\":\"2020-07-19T23:46:05+00:00\",\"dateModified\":\"2023-08-22T10:16:14+00:00\",\"author\":{\"@id\":\"https:\\\/\\\/www.arenal.com\\\/blog\\\/#\\\/schema\\\/person\\\/5b0f9900f2fb7a87b0b8c40b98a29e31\"},\"description\":\"Flequillo, long bob, melena larga.. te contamos las tendencias en cortes de pelo de mujer que arrasar\u00e1n este verano 2020, \u00bfCon cu\u00e1l te identificas?\",\"breadcrumb\":{\"@id\":\"https:\\\/\\\/www.arenal.com\\\/blog\\\/tendencias-cortes-de-pelo-mujer-2020#breadcrumb\"},\"inLanguage\":\"es\",\"potentialAction\":[{\"@type\":\"ReadAction\",\"target\":[\"https:\\\/\\\/www.arenal.com\\\/blog\\\/tendencias-cortes-de-pelo-mujer-2020\"]}]},{\"@type\":\"ImageObject\",\"inLanguage\":\"es\",\"@id\":\"https:\\\/\\\/www.arenal.com\\\/blog\\\/tendencias-cortes-de-pelo-mujer-2020#primaryimage\",\"url\":\"https:\\\/\\\/www.arenal.com\\\/blog\\\/wp-content\\\/uploads\\\/2022\\\/01\\\/8954803159070.jpeg\",\"contentUrl\":\"https:\\\/\\\/www.arenal.com\\\/blog\\\/wp-content\\\/uploads\\\/2022\\\/01\\\/8954803159070.jpeg\",\"width\":1140,\"height\":342,\"caption\":\"Verano 2020: Tendencias de cortes de pelo para mujer\"},{\"@type\":\"BreadcrumbList\",\"@id\":\"https:\\\/\\\/www.arenal.com\\\/blog\\\/tendencias-cortes-de-pelo-mujer-2020#breadcrumb\",\"itemListElement\":[{\"@type\":\"ListItem\",\"position\":1,\"name\":\"Cuidado del cabello\",\"item\":\"https:\\\/\\\/www.arenal.com\\\/blog\\\/cuidado-del-cabello\"},{\"@type\":\"ListItem\",\"position\":2,\"name\":\"Verano 2020: Tendencias de cortes de pelo para mujer\"}]},{\"@type\":\"WebSite\",\"@id\":\"https:\\\/\\\/www.arenal.com\\\/blog\\\/#website\",\"url\":\"https:\\\/\\\/www.arenal.com\\\/blog\\\/\",\"name\":\"Blog de Arenal\",\"description\":\"\",\"potentialAction\":[{\"@type\":\"SearchAction\",\"target\":{\"@type\":\"EntryPoint\",\"urlTemplate\":\"https:\\\/\\\/www.arenal.com\\\/blog\\\/?s={search_term_string}\"},\"query-input\":{\"@type\":\"PropertyValueSpecification\",\"valueRequired\":true,\"valueName\":\"search_term_string\"}}],\"inLanguage\":\"es\"},{\"@type\":\"Person\",\"@id\":\"https:\\\/\\\/www.arenal.com\\\/blog\\\/#\\\/schema\\\/person\\\/5b0f9900f2fb7a87b0b8c40b98a29e31\",\"name\":\"hiberus\",\"image\":{\"@type\":\"ImageObject\",\"inLanguage\":\"es\",\"@id\":\"https:\\\/\\\/secure.gravatar.com\\\/avatar\\\/a0b97b568facc7d687254dae39c5cfb79af095aebc91173945f2a50629c9fe1a?s=96&d=mm&r=g\",\"url\":\"https:\\\/\\\/secure.gravatar.com\\\/avatar\\\/a0b97b568facc7d687254dae39c5cfb79af095aebc91173945f2a50629c9fe1a?s=96&d=mm&r=g\",\"contentUrl\":\"https:\\\/\\\/secure.gravatar.com\\\/avatar\\\/a0b97b568facc7d687254dae39c5cfb79af095aebc91173945f2a50629c9fe1a?s=96&d=mm&r=g\",\"caption\":\"hiberus\"},\"sameAs\":[\"https:\\\/\\\/www.arenal.com\"],\"url\":\"https:\\\/\\\/www.arenal.com\\\/blog\\\/author\\\/hiberus\"}]}<\/script>\n<!-- \/ Yoast SEO plugin. -->","yoast_head_json":{"title":"Tendencias en cortes de pelo de mujer 2020 - Blog de Arenal","description":"Flequillo, long bob, melena larga.. te contamos las tendencias en cortes de pelo de mujer que arrasar\u00e1n este verano 2020, \u00bfCon cu\u00e1l te identificas?","robots":{"index":"index","follow":"follow","max-snippet":"max-snippet:-1","max-image-preview":"max-image-preview:large","max-video-preview":"max-video-preview:-1"},"canonical":"https:\/\/www.arenal.com\/blog\/tendencias-cortes-de-pelo-mujer-2020","og_locale":"es_ES","og_type":"article","og_title":"Tendencias en cortes de pelo de mujer 2020 - Blog de Arenal","og_description":"Flequillo, long bob, melena larga.. te contamos las tendencias en cortes de pelo de mujer que arrasar\u00e1n este verano 2020, \u00bfCon cu\u00e1l te identificas?","og_url":"https:\/\/www.arenal.com\/blog\/tendencias-cortes-de-pelo-mujer-2020","og_site_name":"Blog de Arenal","article_published_time":"2020-07-19T23:46:05+00:00","article_modified_time":"2023-08-22T10:16:14+00:00","og_image":[{"width":2000,"height":600,"url":"https:\/\/www.arenal.com\/blog\/wp-content\/uploads\/2022\/01\/8954803159070.jpeg","type":"image\/jpeg"}],"author":"hiberus","twitter_card":"summary_large_image","twitter_title":"Tendencias en cortes de pelo de mujer 2020 - Blog de Arenal","twitter_misc":{"Escrito por":"hiberus","Tiempo de lectura":"3 minutos"},"schema":{"@context":"https:\/\/schema.org","@graph":[{"@type":"Article","@id":"https:\/\/www.arenal.com\/blog\/tendencias-cortes-de-pelo-mujer-2020#article","isPartOf":{"@id":"https:\/\/www.arenal.com\/blog\/tendencias-cortes-de-pelo-mujer-2020"},"author":{"name":"hiberus","@id":"https:\/\/www.arenal.com\/blog\/#\/schema\/person\/5b0f9900f2fb7a87b0b8c40b98a29e31"},"headline":"Verano 2020: Tendencias de cortes de pelo para mujer","datePublished":"2020-07-19T23:46:05+00:00","dateModified":"2023-08-22T10:16:14+00:00","mainEntityOfPage":{"@id":"https:\/\/www.arenal.com\/blog\/tendencias-cortes-de-pelo-mujer-2020"},"wordCount":666,"commentCount":0,"image":{"@id":"https:\/\/www.arenal.com\/blog\/tendencias-cortes-de-pelo-mujer-2020#primaryimage"},"thumbnailUrl":"https:\/\/www.arenal.com\/blog\/wp-content\/uploads\/2022\/01\/8954803159070.jpeg","articleSection":["Cuidado del cabello"],"inLanguage":"es","potentialAction":[{"@type":"CommentAction","name":"Comment","target":["https:\/\/www.arenal.com\/blog\/tendencias-cortes-de-pelo-mujer-2020#respond"]}]},{"@type":"WebPage","@id":"https:\/\/www.arenal.com\/blog\/tendencias-cortes-de-pelo-mujer-2020","url":"https:\/\/www.arenal.com\/blog\/tendencias-cortes-de-pelo-mujer-2020","name":"Tendencias en cortes de pelo de mujer 2020 - Blog de Arenal","isPartOf":{"@id":"https:\/\/www.arenal.com\/blog\/#website"},"primaryImageOfPage":{"@id":"https:\/\/www.arenal.com\/blog\/tendencias-cortes-de-pelo-mujer-2020#primaryimage"},"image":{"@id":"https:\/\/www.arenal.com\/blog\/tendencias-cortes-de-pelo-mujer-2020#primaryimage"},"thumbnailUrl":"https:\/\/www.arenal.com\/blog\/wp-content\/uploads\/2022\/01\/8954803159070.jpeg","datePublished":"2020-07-19T23:46:05+00:00","dateModified":"2023-08-22T10:16:14+00:00","author":{"@id":"https:\/\/www.arenal.com\/blog\/#\/schema\/person\/5b0f9900f2fb7a87b0b8c40b98a29e31"},"description":"Flequillo, long bob, melena larga.. te contamos las tendencias en cortes de pelo de mujer que arrasar\u00e1n este verano 2020, \u00bfCon cu\u00e1l te identificas?","breadcrumb":{"@id":"https:\/\/www.arenal.com\/blog\/tendencias-cortes-de-pelo-mujer-2020#breadcrumb"},"inLanguage":"es","potentialAction":[{"@type":"ReadAction","target":["https:\/\/www.arenal.com\/blog\/tendencias-cortes-de-pelo-mujer-2020"]}]},{"@type":"ImageObject","inLanguage":"es","@id":"https:\/\/www.arenal.com\/blog\/tendencias-cortes-de-pelo-mujer-2020#primaryimage","url":"https:\/\/www.arenal.com\/blog\/wp-content\/uploads\/2022\/01\/8954803159070.jpeg","contentUrl":"https:\/\/www.arenal.com\/blog\/wp-content\/uploads\/2022\/01\/8954803159070.jpeg","width":1140,"height":342,"caption":"Verano 2020: Tendencias de cortes de pelo para mujer"},{"@type":"BreadcrumbList","@id":"https:\/\/www.arenal.com\/blog\/tendencias-cortes-de-pelo-mujer-2020#breadcrumb","itemListElement":[{"@type":"ListItem","position":1,"name":"Cuidado del cabello","item":"https:\/\/www.arenal.com\/blog\/cuidado-del-cabello"},{"@type":"ListItem","position":2,"name":"Verano 2020: Tendencias de cortes de pelo para mujer"}]},{"@type":"WebSite","@id":"https:\/\/www.arenal.com\/blog\/#website","url":"https:\/\/www.arenal.com\/blog\/","name":"Blog de Arenal","description":"","potentialAction":[{"@type":"SearchAction","target":{"@type":"EntryPoint","urlTemplate":"https:\/\/www.arenal.com\/blog\/?s={search_term_string}"},"query-input":{"@type":"PropertyValueSpecification","valueRequired":true,"valueName":"search_term_string"}}],"inLanguage":"es"},{"@type":"Person","@id":"https:\/\/www.arenal.com\/blog\/#\/schema\/person\/5b0f9900f2fb7a87b0b8c40b98a29e31","name":"hiberus","image":{"@type":"ImageObject","inLanguage":"es","@id":"https:\/\/secure.gravatar.com\/avatar\/a0b97b568facc7d687254dae39c5cfb79af095aebc91173945f2a50629c9fe1a?s=96&d=mm&r=g","url":"https:\/\/secure.gravatar.com\/avatar\/a0b97b568facc7d687254dae39c5cfb79af095aebc91173945f2a50629c9fe1a?s=96&d=mm&r=g","contentUrl":"https:\/\/secure.gravatar.com\/avatar\/a0b97b568facc7d687254dae39c5cfb79af095aebc91173945f2a50629c9fe1a?s=96&d=mm&r=g","caption":"hiberus"},"sameAs":["https:\/\/www.arenal.com"],"url":"https:\/\/www.arenal.com\/blog\/author\/hiberus"}]}},"_links":{"self":[{"href":"https:\/\/www.arenal.com\/blog\/wp-json\/wp\/v2\/posts\/1027","targetHints":{"allow":["GET"]}}],"collection":[{"href":"https:\/\/www.arenal.com\/blog\/wp-json\/wp\/v2\/posts"}],"about":[{"href":"https:\/\/www.arenal.com\/blog\/wp-json\/wp\/v2\/types\/post"}],"author":[{"embeddable":true,"href":"https:\/\/www.arenal.com\/blog\/wp-json\/wp\/v2\/users\/1"}],"replies":[{"embeddable":true,"href":"https:\/\/www.arenal.com\/blog\/wp-json\/wp\/v2\/comments?post=1027"}],"version-history":[{"count":5,"href":"https:\/\/www.arenal.com\/blog\/wp-json\/wp\/v2\/posts\/1027\/revisions"}],"predecessor-version":[{"id":3883,"href":"https:\/\/www.arenal.com\/blog\/wp-json\/wp\/v2\/posts\/1027\/revisions\/3883"}],"wp:featuredmedia":[{"embeddable":true,"href":"https:\/\/www.arenal.com\/blog\/wp-json\/wp\/v2\/media\/1439"}],"wp:attachment":[{"href":"https:\/\/www.arenal.com\/blog\/wp-json\/wp\/v2\/media?parent=1027"}],"wp:term":[{"taxonomy":"category","embeddable":true,"href":"https:\/\/www.arenal.com\/blog\/wp-json\/wp\/v2\/categories?post=1027"},{"taxonomy":"post_tag","embeddable":true,"href":"https:\/\/www.arenal.com\/blog\/wp-json\/wp\/v2\/tags?post=1027"}],"curies":[{"name":"wp","href":"https:\/\/api.w.org\/{rel}","templated":true}]}}