{"id":1022,"date":"2020-06-26T00:13:02","date_gmt":"2020-06-25T23:13:02","guid":{"rendered":"https:\/\/www.arenal.com\/activar-metabolismo\/"},"modified":"2024-12-23T20:31:44","modified_gmt":"2024-12-23T19:31:44","slug":"activar-metabolismo","status":"publish","type":"post","link":"https:\/\/www.arenal.com\/blog\/activar-metabolismo","title":{"rendered":"C\u00f3mo activar metabolismo: Alimentos, pr\u00e1cticas y consejos"},"content":{"rendered":"<p>El metabolismo es un conjunto de procesos qu\u00edmicos que realizan nuestras c\u00e9lulas para poder llevar a cabo las funciones b\u00e1sicas que tiene el cuerpo. En otras palabras, es la manera en la que nuestro cuerpo convierte en energ\u00eda lo que ingerimos. Dependemos de \u00e9l para respirar, digerir, hacer circular la sangre y otras muchas funciones.<br \/>\n\u00daltimamente se habla mucho de que tener un <strong>metabolismo lento o r\u00e1pido<\/strong> es el motivo por el que se pierde o gana peso.<\/p>\n<p>Es importante aclarar que, aunque el metabolismo est\u00e1 relacionado con el peso e influye en las necesidades de energ\u00eda del cuerpo, realmente son los alimentos y bebidas que consumimos, la actividad f\u00edsica que realizamos y nuestra gen\u00e9tica los que lo determinan. Siempre y cuando no haya ning\u00fan trastorno metab\u00f3lico como hipertiroidismo o hipotiroidismo.<br \/>\nPor tanto, intentar estimular o activar el metabolismo probablemente no te har\u00e1 perder peso como cuentan muchos mitos que circulan por la red, o al menos no tanto como cambiar la dieta y los h\u00e1bitos de estilo de vida. Es tentador culpar al metabolismo del aumento de peso, pero solo en casos excepcionales como los problemas m\u00e9dicos comentados aumentamos de peso en exceso por este motivo.<\/p>\n<h2><strong>\u00bfQu\u00e9 alimentos activan el metabolismo?<\/strong><\/h2>\n<p>Se cree que algunos alimentos que contienen fibra, as\u00ed como el t\u00e9 verde o la cafe\u00edna pueden ser un acelerador del metabolismo natural, aunque la realidad es que no hay evidencia cient\u00edfica que confirme que estos alimentos sean capaces de acelerar el metabolismo basal.<\/p>\n<p>Acelerar el metabolismo basal, que es la cantidad de calor\u00edas que quemamos en reposo, puede ayudar a quemar m\u00e1s calor\u00edas. Sin embargo, aunque podamos activar el metabolismo, es en muy poca medida; lo que s\u00ed podemos hacer es controlar las calor\u00edas que quemamos con la actividad f\u00edsica.<\/p>\n<h2><strong>\u00bfPor qu\u00e9 acelerar el metabolismo?<\/strong><\/h2>\n<p>Para acelerar el metabolismo basal, una de las pocas opciones reales que existen es la actividad f\u00edsica. El metabolismo basal viene determinado por la gen\u00e9tica, la edad, el sexo y el tama\u00f1o del cuerpo. Adem\u00e1s de la tasa metab\u00f3lica basal, las calor\u00edas que se queman vienen determinadas por el procesamiento de los alimentos y la actividad f\u00edsica. Todos son dif\u00edcilmente variables excepto esta \u00faltima, que depende completamente de nosotros mismos.<\/p>\n<p>Lo que m\u00e1s puede acelerar el metabolismo basal es el entrenamiento de pesas o entrenamiento interv\u00e1lico, en comparaci\u00f3n con aquellos en los que mantienes la misma frecuencia card\u00edaca. En el primer caso esto sucede porque el m\u00fasculo quema m\u00e1s calor\u00edas que la grasa, por lo que en peque\u00f1a medida puede activar el metabolismo. Igualmente, con el entrenamiento interv\u00e1lico aceleramos los procesos metab\u00f3licos y, por tanto, quemamos m\u00e1s calor\u00edas.<br \/>\nCon esto podemos decir que <strong>acelerar el metabolismo basal<\/strong> es bueno por los beneficios que genera para la salud, pues hace que aumente la resistencia, se reduzca la fatiga y se incremente la energ\u00eda.<\/p>\n<p>Lo que tenemos que tener claro es que nuestra gen\u00e9tica determina nuestro metabolismo en gran medida y, en ese sentido, no hay mucho que podamos hacer ya que es nuestro propio cuerpo el que se regula para activarlo o ralentizarlo cuando lo<br \/>\nnecesite.<\/p>\n<p>Algunos productos como los <a href=\"https:\/\/www.arenal.com\/parafarmacia\/nutricion\/vitaminas-y-complementos\/c\/1_0000000603\">complementos alimenticios<\/a> pueden ayudar a mantener y reforzar los niveles de algunos nutrientes esenciales como las vitaminas, hierro o \u00e1cido f\u00f3lico. Por eso, es importante controlar lo que est\u00e1 en nuestras manos: comer saludable, tener un buen descanso y hacer deporte son las claves para estar sanos y en un peso ideal.<\/p>\n","protected":false},"excerpt":{"rendered":"<p>Dependiendo de la velocidad en la que tu cuerpo procese los nutrientes, tu metabolismo ser\u00e1 m\u00e1s lento o m\u00e1s r\u00e1pido, \u00bfC\u00f3mo podemos activar el metabolismo?<\/p>\n","protected":false},"author":1,"featured_media":1291,"comment_status":"open","ping_status":"open","sticky":false,"template":"","format":"standard","meta":{"footnotes":""},"categories":[656,626],"tags":[],"class_list":["post-1022","post","type-post","status-publish","format-standard","has-post-thumbnail","hentry","category-alimentacion","category-tutoriales"],"featured_image_src":"https:\/\/www.arenal.com\/blog\/wp-content\/uploads\/2022\/01\/8954793000990.jpeg","author_info":{"display_name":"hiberus","author_link":"https:\/\/www.arenal.com\/blog\/author\/hiberus"},"yoast_head":"<!-- This site is optimized with the Yoast SEO plugin v27.4 - https:\/\/yoast.com\/product\/yoast-seo-wordpress\/ -->\n<title>C\u00f3mo activar metabolismo | Blog de Arenal<\/title>\n<meta name=\"description\" content=\"Dependiendo de la velocidad en la que tu cuerpo procese los nutrientes, tu metabolismo ser\u00e1 m\u00e1s lento o m\u00e1s r\u00e1pido, \u00bfC\u00f3mo podemos activar el metabolismo?\" \/>\n<meta name=\"robots\" content=\"index, follow, max-snippet:-1, max-image-preview:large, max-video-preview:-1\" \/>\n<link rel=\"canonical\" href=\"https:\/\/www.arenal.com\/blog\/activar-metabolismo\" \/>\n<meta property=\"og:locale\" content=\"es_ES\" \/>\n<meta property=\"og:type\" content=\"article\" \/>\n<meta property=\"og:title\" content=\"C\u00f3mo activar metabolismo | Blog de Arenal\" \/>\n<meta property=\"og:description\" content=\"Dependiendo de la velocidad en la que tu cuerpo procese los nutrientes, tu metabolismo ser\u00e1 m\u00e1s lento o m\u00e1s r\u00e1pido, \u00bfC\u00f3mo podemos activar el metabolismo?\" \/>\n<meta property=\"og:url\" content=\"https:\/\/www.arenal.com\/blog\/activar-metabolismo\" \/>\n<meta property=\"og:site_name\" content=\"Blog de Arenal\" \/>\n<meta property=\"article:published_time\" content=\"2020-06-25T23:13:02+00:00\" \/>\n<meta property=\"article:modified_time\" content=\"2024-12-23T19:31:44+00:00\" \/>\n<meta property=\"og:image\" content=\"https:\/\/www.arenal.com\/blog\/wp-content\/uploads\/2022\/01\/8954793000990.jpeg\" \/>\n\t<meta property=\"og:image:width\" content=\"1140\" \/>\n\t<meta property=\"og:image:height\" content=\"342\" \/>\n\t<meta property=\"og:image:type\" content=\"image\/jpeg\" \/>\n<meta name=\"author\" content=\"hiberus\" \/>\n<meta name=\"twitter:card\" content=\"summary_large_image\" \/>\n<meta name=\"twitter:title\" content=\"C\u00f3mo activar metabolismo | Blog de Arenal\" \/>\n<meta name=\"twitter:label1\" content=\"Escrito por\" \/>\n\t<meta name=\"twitter:data1\" content=\"hiberus\" \/>\n\t<meta name=\"twitter:label2\" content=\"Tiempo de lectura\" \/>\n\t<meta name=\"twitter:data2\" content=\"3 minutos\" \/>\n<script type=\"application\/ld+json\" class=\"yoast-schema-graph\">{\"@context\":\"https:\\\/\\\/schema.org\",\"@graph\":[{\"@type\":\"Article\",\"@id\":\"https:\\\/\\\/www.arenal.com\\\/blog\\\/activar-metabolismo#article\",\"isPartOf\":{\"@id\":\"https:\\\/\\\/www.arenal.com\\\/blog\\\/activar-metabolismo\"},\"author\":{\"name\":\"hiberus\",\"@id\":\"https:\\\/\\\/www.arenal.com\\\/blog\\\/#\\\/schema\\\/person\\\/5b0f9900f2fb7a87b0b8c40b98a29e31\"},\"headline\":\"C\u00f3mo activar metabolismo: Alimentos, pr\u00e1cticas y consejos\",\"datePublished\":\"2020-06-25T23:13:02+00:00\",\"dateModified\":\"2024-12-23T19:31:44+00:00\",\"mainEntityOfPage\":{\"@id\":\"https:\\\/\\\/www.arenal.com\\\/blog\\\/activar-metabolismo\"},\"wordCount\":620,\"commentCount\":0,\"image\":{\"@id\":\"https:\\\/\\\/www.arenal.com\\\/blog\\\/activar-metabolismo#primaryimage\"},\"thumbnailUrl\":\"https:\\\/\\\/www.arenal.com\\\/blog\\\/wp-content\\\/uploads\\\/2022\\\/01\\\/8954793000990.jpeg\",\"articleSection\":[\"Alimentaci\u00f3n\",\"Tutoriales\"],\"inLanguage\":\"es\",\"potentialAction\":[{\"@type\":\"CommentAction\",\"name\":\"Comment\",\"target\":[\"https:\\\/\\\/www.arenal.com\\\/blog\\\/activar-metabolismo#respond\"]}]},{\"@type\":\"WebPage\",\"@id\":\"https:\\\/\\\/www.arenal.com\\\/blog\\\/activar-metabolismo\",\"url\":\"https:\\\/\\\/www.arenal.com\\\/blog\\\/activar-metabolismo\",\"name\":\"C\u00f3mo activar metabolismo | Blog de Arenal\",\"isPartOf\":{\"@id\":\"https:\\\/\\\/www.arenal.com\\\/blog\\\/#website\"},\"primaryImageOfPage\":{\"@id\":\"https:\\\/\\\/www.arenal.com\\\/blog\\\/activar-metabolismo#primaryimage\"},\"image\":{\"@id\":\"https:\\\/\\\/www.arenal.com\\\/blog\\\/activar-metabolismo#primaryimage\"},\"thumbnailUrl\":\"https:\\\/\\\/www.arenal.com\\\/blog\\\/wp-content\\\/uploads\\\/2022\\\/01\\\/8954793000990.jpeg\",\"datePublished\":\"2020-06-25T23:13:02+00:00\",\"dateModified\":\"2024-12-23T19:31:44+00:00\",\"author\":{\"@id\":\"https:\\\/\\\/www.arenal.com\\\/blog\\\/#\\\/schema\\\/person\\\/5b0f9900f2fb7a87b0b8c40b98a29e31\"},\"description\":\"Dependiendo de la velocidad en la que tu cuerpo procese los nutrientes, tu metabolismo ser\u00e1 m\u00e1s lento o m\u00e1s r\u00e1pido, \u00bfC\u00f3mo podemos activar el metabolismo?\",\"breadcrumb\":{\"@id\":\"https:\\\/\\\/www.arenal.com\\\/blog\\\/activar-metabolismo#breadcrumb\"},\"inLanguage\":\"es\",\"potentialAction\":[{\"@type\":\"ReadAction\",\"target\":[\"https:\\\/\\\/www.arenal.com\\\/blog\\\/activar-metabolismo\"]}]},{\"@type\":\"ImageObject\",\"inLanguage\":\"es\",\"@id\":\"https:\\\/\\\/www.arenal.com\\\/blog\\\/activar-metabolismo#primaryimage\",\"url\":\"https:\\\/\\\/www.arenal.com\\\/blog\\\/wp-content\\\/uploads\\\/2022\\\/01\\\/8954793000990.jpeg\",\"contentUrl\":\"https:\\\/\\\/www.arenal.com\\\/blog\\\/wp-content\\\/uploads\\\/2022\\\/01\\\/8954793000990.jpeg\",\"width\":1140,\"height\":342,\"caption\":\"C\u00f3mo activar metabolismo: Alimentos\"},{\"@type\":\"BreadcrumbList\",\"@id\":\"https:\\\/\\\/www.arenal.com\\\/blog\\\/activar-metabolismo#breadcrumb\",\"itemListElement\":[{\"@type\":\"ListItem\",\"position\":1,\"name\":\"Tutoriales\",\"item\":\"https:\\\/\\\/www.arenal.com\\\/blog\\\/tutoriales\"},{\"@type\":\"ListItem\",\"position\":2,\"name\":\"C\u00f3mo activar metabolismo: Alimentos, pr\u00e1cticas y consejos\"}]},{\"@type\":\"WebSite\",\"@id\":\"https:\\\/\\\/www.arenal.com\\\/blog\\\/#website\",\"url\":\"https:\\\/\\\/www.arenal.com\\\/blog\\\/\",\"name\":\"Blog de Arenal\",\"description\":\"\",\"potentialAction\":[{\"@type\":\"SearchAction\",\"target\":{\"@type\":\"EntryPoint\",\"urlTemplate\":\"https:\\\/\\\/www.arenal.com\\\/blog\\\/?s={search_term_string}\"},\"query-input\":{\"@type\":\"PropertyValueSpecification\",\"valueRequired\":true,\"valueName\":\"search_term_string\"}}],\"inLanguage\":\"es\"},{\"@type\":\"Person\",\"@id\":\"https:\\\/\\\/www.arenal.com\\\/blog\\\/#\\\/schema\\\/person\\\/5b0f9900f2fb7a87b0b8c40b98a29e31\",\"name\":\"hiberus\",\"image\":{\"@type\":\"ImageObject\",\"inLanguage\":\"es\",\"@id\":\"https:\\\/\\\/secure.gravatar.com\\\/avatar\\\/a0b97b568facc7d687254dae39c5cfb79af095aebc91173945f2a50629c9fe1a?s=96&d=mm&r=g\",\"url\":\"https:\\\/\\\/secure.gravatar.com\\\/avatar\\\/a0b97b568facc7d687254dae39c5cfb79af095aebc91173945f2a50629c9fe1a?s=96&d=mm&r=g\",\"contentUrl\":\"https:\\\/\\\/secure.gravatar.com\\\/avatar\\\/a0b97b568facc7d687254dae39c5cfb79af095aebc91173945f2a50629c9fe1a?s=96&d=mm&r=g\",\"caption\":\"hiberus\"},\"sameAs\":[\"https:\\\/\\\/www.arenal.com\"],\"url\":\"https:\\\/\\\/www.arenal.com\\\/blog\\\/author\\\/hiberus\"}]}<\/script>\n<!-- \/ Yoast SEO plugin. -->","yoast_head_json":{"title":"C\u00f3mo activar metabolismo | Blog de Arenal","description":"Dependiendo de la velocidad en la que tu cuerpo procese los nutrientes, tu metabolismo ser\u00e1 m\u00e1s lento o m\u00e1s r\u00e1pido, \u00bfC\u00f3mo podemos activar el metabolismo?","robots":{"index":"index","follow":"follow","max-snippet":"max-snippet:-1","max-image-preview":"max-image-preview:large","max-video-preview":"max-video-preview:-1"},"canonical":"https:\/\/www.arenal.com\/blog\/activar-metabolismo","og_locale":"es_ES","og_type":"article","og_title":"C\u00f3mo activar metabolismo | Blog de Arenal","og_description":"Dependiendo de la velocidad en la que tu cuerpo procese los nutrientes, tu metabolismo ser\u00e1 m\u00e1s lento o m\u00e1s r\u00e1pido, \u00bfC\u00f3mo podemos activar el metabolismo?","og_url":"https:\/\/www.arenal.com\/blog\/activar-metabolismo","og_site_name":"Blog de Arenal","article_published_time":"2020-06-25T23:13:02+00:00","article_modified_time":"2024-12-23T19:31:44+00:00","og_image":[{"width":1140,"height":342,"url":"https:\/\/www.arenal.com\/blog\/wp-content\/uploads\/2022\/01\/8954793000990.jpeg","type":"image\/jpeg"}],"author":"hiberus","twitter_card":"summary_large_image","twitter_title":"C\u00f3mo activar metabolismo | Blog de Arenal","twitter_misc":{"Escrito por":"hiberus","Tiempo de lectura":"3 minutos"},"schema":{"@context":"https:\/\/schema.org","@graph":[{"@type":"Article","@id":"https:\/\/www.arenal.com\/blog\/activar-metabolismo#article","isPartOf":{"@id":"https:\/\/www.arenal.com\/blog\/activar-metabolismo"},"author":{"name":"hiberus","@id":"https:\/\/www.arenal.com\/blog\/#\/schema\/person\/5b0f9900f2fb7a87b0b8c40b98a29e31"},"headline":"C\u00f3mo activar metabolismo: Alimentos, pr\u00e1cticas y consejos","datePublished":"2020-06-25T23:13:02+00:00","dateModified":"2024-12-23T19:31:44+00:00","mainEntityOfPage":{"@id":"https:\/\/www.arenal.com\/blog\/activar-metabolismo"},"wordCount":620,"commentCount":0,"image":{"@id":"https:\/\/www.arenal.com\/blog\/activar-metabolismo#primaryimage"},"thumbnailUrl":"https:\/\/www.arenal.com\/blog\/wp-content\/uploads\/2022\/01\/8954793000990.jpeg","articleSection":["Alimentaci\u00f3n","Tutoriales"],"inLanguage":"es","potentialAction":[{"@type":"CommentAction","name":"Comment","target":["https:\/\/www.arenal.com\/blog\/activar-metabolismo#respond"]}]},{"@type":"WebPage","@id":"https:\/\/www.arenal.com\/blog\/activar-metabolismo","url":"https:\/\/www.arenal.com\/blog\/activar-metabolismo","name":"C\u00f3mo activar metabolismo | Blog de Arenal","isPartOf":{"@id":"https:\/\/www.arenal.com\/blog\/#website"},"primaryImageOfPage":{"@id":"https:\/\/www.arenal.com\/blog\/activar-metabolismo#primaryimage"},"image":{"@id":"https:\/\/www.arenal.com\/blog\/activar-metabolismo#primaryimage"},"thumbnailUrl":"https:\/\/www.arenal.com\/blog\/wp-content\/uploads\/2022\/01\/8954793000990.jpeg","datePublished":"2020-06-25T23:13:02+00:00","dateModified":"2024-12-23T19:31:44+00:00","author":{"@id":"https:\/\/www.arenal.com\/blog\/#\/schema\/person\/5b0f9900f2fb7a87b0b8c40b98a29e31"},"description":"Dependiendo de la velocidad en la que tu cuerpo procese los nutrientes, tu metabolismo ser\u00e1 m\u00e1s lento o m\u00e1s r\u00e1pido, \u00bfC\u00f3mo podemos activar el metabolismo?","breadcrumb":{"@id":"https:\/\/www.arenal.com\/blog\/activar-metabolismo#breadcrumb"},"inLanguage":"es","potentialAction":[{"@type":"ReadAction","target":["https:\/\/www.arenal.com\/blog\/activar-metabolismo"]}]},{"@type":"ImageObject","inLanguage":"es","@id":"https:\/\/www.arenal.com\/blog\/activar-metabolismo#primaryimage","url":"https:\/\/www.arenal.com\/blog\/wp-content\/uploads\/2022\/01\/8954793000990.jpeg","contentUrl":"https:\/\/www.arenal.com\/blog\/wp-content\/uploads\/2022\/01\/8954793000990.jpeg","width":1140,"height":342,"caption":"C\u00f3mo activar metabolismo: Alimentos"},{"@type":"BreadcrumbList","@id":"https:\/\/www.arenal.com\/blog\/activar-metabolismo#breadcrumb","itemListElement":[{"@type":"ListItem","position":1,"name":"Tutoriales","item":"https:\/\/www.arenal.com\/blog\/tutoriales"},{"@type":"ListItem","position":2,"name":"C\u00f3mo activar metabolismo: Alimentos, pr\u00e1cticas y consejos"}]},{"@type":"WebSite","@id":"https:\/\/www.arenal.com\/blog\/#website","url":"https:\/\/www.arenal.com\/blog\/","name":"Blog de Arenal","description":"","potentialAction":[{"@type":"SearchAction","target":{"@type":"EntryPoint","urlTemplate":"https:\/\/www.arenal.com\/blog\/?s={search_term_string}"},"query-input":{"@type":"PropertyValueSpecification","valueRequired":true,"valueName":"search_term_string"}}],"inLanguage":"es"},{"@type":"Person","@id":"https:\/\/www.arenal.com\/blog\/#\/schema\/person\/5b0f9900f2fb7a87b0b8c40b98a29e31","name":"hiberus","image":{"@type":"ImageObject","inLanguage":"es","@id":"https:\/\/secure.gravatar.com\/avatar\/a0b97b568facc7d687254dae39c5cfb79af095aebc91173945f2a50629c9fe1a?s=96&d=mm&r=g","url":"https:\/\/secure.gravatar.com\/avatar\/a0b97b568facc7d687254dae39c5cfb79af095aebc91173945f2a50629c9fe1a?s=96&d=mm&r=g","contentUrl":"https:\/\/secure.gravatar.com\/avatar\/a0b97b568facc7d687254dae39c5cfb79af095aebc91173945f2a50629c9fe1a?s=96&d=mm&r=g","caption":"hiberus"},"sameAs":["https:\/\/www.arenal.com"],"url":"https:\/\/www.arenal.com\/blog\/author\/hiberus"}]}},"_links":{"self":[{"href":"https:\/\/www.arenal.com\/blog\/wp-json\/wp\/v2\/posts\/1022","targetHints":{"allow":["GET"]}}],"collection":[{"href":"https:\/\/www.arenal.com\/blog\/wp-json\/wp\/v2\/posts"}],"about":[{"href":"https:\/\/www.arenal.com\/blog\/wp-json\/wp\/v2\/types\/post"}],"author":[{"embeddable":true,"href":"https:\/\/www.arenal.com\/blog\/wp-json\/wp\/v2\/users\/1"}],"replies":[{"embeddable":true,"href":"https:\/\/www.arenal.com\/blog\/wp-json\/wp\/v2\/comments?post=1022"}],"version-history":[{"count":2,"href":"https:\/\/www.arenal.com\/blog\/wp-json\/wp\/v2\/posts\/1022\/revisions"}],"predecessor-version":[{"id":3591,"href":"https:\/\/www.arenal.com\/blog\/wp-json\/wp\/v2\/posts\/1022\/revisions\/3591"}],"wp:featuredmedia":[{"embeddable":true,"href":"https:\/\/www.arenal.com\/blog\/wp-json\/wp\/v2\/media\/1291"}],"wp:attachment":[{"href":"https:\/\/www.arenal.com\/blog\/wp-json\/wp\/v2\/media?parent=1022"}],"wp:term":[{"taxonomy":"category","embeddable":true,"href":"https:\/\/www.arenal.com\/blog\/wp-json\/wp\/v2\/categories?post=1022"},{"taxonomy":"post_tag","embeddable":true,"href":"https:\/\/www.arenal.com\/blog\/wp-json\/wp\/v2\/tags?post=1022"}],"curies":[{"name":"wp","href":"https:\/\/api.w.org\/{rel}","templated":true}]}}