{"id":1007,"date":"2020-04-14T00:43:30","date_gmt":"2020-04-13T23:43:30","guid":{"rendered":"https:\/\/www.arenal.com\/cortar-pelo-en-casa\/"},"modified":"2025-03-12T11:12:12","modified_gmt":"2025-03-12T10:12:12","slug":"cortar-pelo-en-casa","status":"publish","type":"post","link":"https:\/\/www.arenal.com\/blog\/cortar-pelo-en-casa","title":{"rendered":"Cortarse el pelo en casa: c\u00f3mo cortarse el pelo uno mismo"},"content":{"rendered":"<p>Normalmente acudimos a nuestra peluquer\u00eda de confianza cuando queremos hacernos un nuevo corte de pelo, cort\u00e1rselo a nuestros hijos o recortarnos las puntas. Sin embargo, tras un mes de confinamiento, tanto <strong>cortarse el pelo en casa<\/strong> como <a href=\"https:\/\/www.arenal.com\/blog\/como-tenir-pelo-en-casa\">te\u00f1irse el pelo en casa<\/a> es cada vez una mejor idea ante la incertidumbre de cu\u00e1ndo podremos retomar nuestras vidas y rutinas de belleza.<br \/>\nEn este post revelaremos los trucos para saber <strong>c\u00f3mo cortarse el pelo uno mismo<\/strong>. De esta forma podremos salir del paso desarrollando nuevas habilidades y ahorrando dinero. Y si no queda como quer\u00edas, que no cunda el p\u00e1nico\u2026 \u00a1El pelo crece!<\/p>\n<div id=\"ez-toc-container\" class=\"ez-toc-v2_0_82_2 counter-hierarchy ez-toc-counter ez-toc-custom ez-toc-container-direction\">\n<div class=\"ez-toc-title-container\">\n<p class=\"ez-toc-title\" style=\"cursor:inherit\">Indice de contenidos<\/p>\n<span class=\"ez-toc-title-toggle\"><a href=\"#\" class=\"ez-toc-pull-right ez-toc-btn ez-toc-btn-xs ez-toc-btn-default ez-toc-toggle\" aria-label=\"Alternar tabla de contenidos\"><span class=\"ez-toc-js-icon-con\"><span class=\"\"><span class=\"eztoc-hide\" style=\"display:none;\">Toggle<\/span><span class=\"ez-toc-icon-toggle-span\"><svg style=\"fill: #000000;color:#000000\" xmlns=\"http:\/\/www.w3.org\/2000\/svg\" class=\"list-377408\" width=\"20px\" height=\"20px\" viewBox=\"0 0 24 24\" fill=\"none\"><path d=\"M6 6H4v2h2V6zm14 0H8v2h12V6zM4 11h2v2H4v-2zm16 0H8v2h12v-2zM4 16h2v2H4v-2zm16 0H8v2h12v-2z\" fill=\"currentColor\"><\/path><\/svg><svg style=\"fill: #000000;color:#000000\" class=\"arrow-unsorted-368013\" xmlns=\"http:\/\/www.w3.org\/2000\/svg\" width=\"10px\" height=\"10px\" viewBox=\"0 0 24 24\" version=\"1.2\" baseProfile=\"tiny\"><path d=\"M18.2 9.3l-6.2-6.3-6.2 6.3c-.2.2-.3.4-.3.7s.1.5.3.7c.2.2.4.3.7.3h11c.3 0 .5-.1.7-.3.2-.2.3-.5.3-.7s-.1-.5-.3-.7zM5.8 14.7l6.2 6.3 6.2-6.3c.2-.2.3-.5.3-.7s-.1-.5-.3-.7c-.2-.2-.4-.3-.7-.3h-11c-.3 0-.5.1-.7.3-.2.2-.3.5-.3.7s.1.5.3.7z\"\/><\/svg><\/span><\/span><\/span><\/a><\/span><\/div>\n<nav><ul class='ez-toc-list ez-toc-list-level-1 ' ><li class='ez-toc-page-1 ez-toc-heading-level-2'><a class=\"ez-toc-link ez-toc-heading-1\" href=\"https:\/\/www.arenal.com\/blog\/cortar-pelo-en-casa\/#Preparacion_y_herramientas_para_cortarse_el_pelo_en_casa\" >Preparaci\u00f3n y herramientas para cortarse el pelo en casa<\/a><\/li><li class='ez-toc-page-1 ez-toc-heading-level-2'><a class=\"ez-toc-link ez-toc-heading-2\" href=\"https:\/\/www.arenal.com\/blog\/cortar-pelo-en-casa\/#Consejos_para_cortarse_el_pelo_uno_mismo\" >Consejos para cortarse el pelo uno mismo<\/a><\/li><li class='ez-toc-page-1 ez-toc-heading-level-2'><a class=\"ez-toc-link ez-toc-heading-3\" href=\"https:\/\/www.arenal.com\/blog\/cortar-pelo-en-casa\/#Como_cortar_el_pelo_a_capas\" >C\u00f3mo cortar el pelo a capas<\/a><\/li><li class='ez-toc-page-1 ez-toc-heading-level-2'><a class=\"ez-toc-link ez-toc-heading-4\" href=\"https:\/\/www.arenal.com\/blog\/cortar-pelo-en-casa\/#Como_cortar_el_pelo_con_maquina\" >C\u00f3mo cortar el pelo con m\u00e1quina<\/a><\/li><\/ul><\/nav><\/div>\n<h2><span class=\"ez-toc-section\" id=\"Preparacion_y_herramientas_para_cortarse_el_pelo_en_casa\"><\/span><strong>Preparaci\u00f3n y herramientas para cortarse el pelo en casa<\/strong><span class=\"ez-toc-section-end\"><\/span><\/h2>\n<p>\u00bfQu\u00e9 necesitaremos? En primer lugar, elige un lugar donde tengas espacio. Ponte ropa c\u00f3moda y coloca una toalla debajo de ti, as\u00ed ser\u00e1 m\u00e1s f\u00e1cil recoger los restos de cabello m\u00e1s tarde. En cuanto a las herramientas, solo necesitaremos unas tijeras afiladas o m\u00e1quina, un peine y un pulverizador de agua para ir humedeciendo el cabello. En Arenal encontrar\u00e1s<a href=\"https:\/\/www.arenal.com\/cabello\/complementos-para-el-cabello\/cepillos\/c\/1_0000000977\"> cepillos y peines<\/a> que te pueden ayudar en la tarea.<\/p>\n<h2><span class=\"ez-toc-section\" id=\"Consejos_para_cortarse_el_pelo_uno_mismo\"><\/span><strong>Consejos para cortarse el pelo uno mismo<\/strong><span class=\"ez-toc-section-end\"><\/span><\/h2>\n<p>Antes de comenzar a cortarse el pelo uno mismo hay que tener en cuenta estos consejos:<\/p>\n<ul>\n<li>Empieza cortando menos de lo deseado. As\u00ed podr\u00e1s comprobar si te gusta el corte o reconducirlo si no es lo que esperabas.<\/li>\n<li>Es mejor que el cabello est\u00e9 mojado o h\u00famedo para evitar los temidos trasquilones.<\/li>\n<li>En el caso del flequillo se recomienda cortarlo en seco y estando peinado para no cortar de m\u00e1s, ya que luego encoge. Mientras lo haces no frunzas el ce\u00f1o o quedar\u00e1 m\u00e1s corto de lo que quer\u00edas.<\/li>\n<\/ul>\n<p>Para cortarnos las puntas lo primero ser\u00e1 humedecer el cabello, hacernos la raya en medio, peinarlo bien y hacernos una coleta baja. Ll\u00e9vala hacia adelante, corta lo m\u00e1s recto que puedas y despu\u00e9s \u201cpicotea\u201d las puntas con las tijeras para conseguir un mejor acabado. De esta manera, la forma que quedar\u00e1 si lo ves desde atr\u00e1s ser\u00e1 un poco redondeada.<\/p>\n<p>En cambio, si quieres conseguir un corte recto, te aconsejamos que dividas el pelo por la mitad y lo lleves hacia adelante. Est\u00edralo y c\u00f3rtalo un poco en diagonal para que el mech\u00f3n de atr\u00e1s quede un poco m\u00e1s corto si lo vemos de frente. Ten en cuenta que el mech\u00f3n de atr\u00e1s tiene m\u00e1s recorrido que el de delante y, por tanto, quedar\u00e1 recto por detr\u00e1s.<\/p>\n<h2><span class=\"ez-toc-section\" id=\"Como_cortar_el_pelo_a_capas\"><\/span><strong>C\u00f3mo cortar el pelo a capas<\/strong><span class=\"ez-toc-section-end\"><\/span><\/h2>\n<p>Cortarse el pelo a capas uno mismo es m\u00e1s dif\u00edcil, pero no imposible. La manera m\u00e1s sencilla es con una coleta alta. Si te la haces hacia la frente mantendr\u00e1s el largo y tendr\u00e1s m\u00e1s capas; mientras que, si te haces la coleta m\u00e1s hacia la coronilla, m\u00e1s corto quedar\u00e1 el pelo y m\u00e1s larga ser\u00e1n las capas. Una vez que te decidas, peina la coleta hacia adelante, estira el pelo, corta las puntas rectas y despu\u00e9s \u201cpicot\u00e9alas\u201d. Su\u00e9ltate el pelo, p\u00e9inalo y \u00a1disfruta de tu nuevo corte!<\/p>\n<h2><span class=\"ez-toc-section\" id=\"Como_cortar_el_pelo_con_maquina\"><\/span><strong>C\u00f3mo cortar el pelo con m\u00e1quina<\/strong><span class=\"ez-toc-section-end\"><\/span><\/h2>\n<p>Para ellos, la opci\u00f3n de cortar el pelo con m\u00e1quina es la m\u00e1s simple. Hay dos cortes f\u00e1ciles de conseguir en casa: el rapado y el degradado. Para el primero lo mejor es comenzar por los lados con movimientos de abajo a arriba. Despu\u00e9s pasaremos a la parte trasera siguiendo el mismo movimiento hasta llegar a la coronilla. Y, por \u00faltimo, la parte superior la cortaremos desde la frente hacia atr\u00e1s. Para perfilar los contornos y patillas quita el peine de la m\u00e1quina para conseguir mayor precisi\u00f3n.<\/p>\n<p>Si queremos conseguir un corte desvanecido, lo ideal es levantar un poco la m\u00e1quina al llegar a la transici\u00f3n entre la zona m\u00e1s corta y la m\u00e1s larga. Cuando terminemos de cortar todo el pelo, repasa esa l\u00ednea de transici\u00f3n con un n\u00famero mayor para conseguir el degradado y disimular el contraste entre ambos cortes.<\/p>\n<p>Podemos seguir los mismos pasos para <strong>cortarle el pelo a un ni\u00f1o<\/strong>. Para mantenerlo entretenido y evitar que se mueva durante el proceso (algo dif\u00edcil de conseguir en muchos casos), lo mejor es que le cortes el pelo mientras ve algo que le gusta como dibujos animados o su pel\u00edcula favorita.<\/p>\n","protected":false},"excerpt":{"rendered":"<p>Sigue nuestros consejos para cortar el pelo en casa y hacerlo con maquinilla, para que quede a capas, igualarlo o para cortarle el pelo a los ni\u00f1os. \u00a1No te lo pierdas!<\/p>\n","protected":false},"author":1,"featured_media":2160,"comment_status":"open","ping_status":"open","sticky":false,"template":"","format":"standard","meta":{"footnotes":""},"categories":[626,234],"tags":[],"class_list":["post-1007","post","type-post","status-publish","format-standard","has-post-thumbnail","hentry","category-tutoriales","category-cuidado-del-cabello"],"featured_image_src":"https:\/\/www.arenal.com\/blog\/wp-content\/uploads\/2020\/04\/como-cortarse-el-pelo-en-casa.png","author_info":{"display_name":"hiberus","author_link":"https:\/\/www.arenal.com\/blog\/author\/hiberus"},"yoast_head":"<!-- This site is optimized with the Yoast SEO plugin v27.4 - https:\/\/yoast.com\/product\/yoast-seo-wordpress\/ -->\n<title>C\u00f3mo cortarse el pelo en casa | Blog de Arenal<\/title>\n<meta name=\"description\" content=\"Cortar el pelo en casa puede ser sencillo si sigues los consejos adecuados. En Arenal te ense\u00f1amos c\u00f3mo lograr un resultado profesional sin salir de casa.\" \/>\n<meta name=\"robots\" content=\"index, follow, max-snippet:-1, max-image-preview:large, max-video-preview:-1\" \/>\n<link rel=\"canonical\" href=\"https:\/\/www.arenal.com\/blog\/cortar-pelo-en-casa\" \/>\n<meta property=\"og:locale\" content=\"es_ES\" \/>\n<meta property=\"og:type\" content=\"article\" \/>\n<meta property=\"og:title\" content=\"Cortarse el pelo en casa: c\u00f3mo cortarse el pelo uno mismo | Arenal\" \/>\n<meta property=\"og:description\" content=\"Cortar el pelo en casa puede ser sencillo si sigues los consejos adecuados. En Arenal te ense\u00f1amos c\u00f3mo lograr un resultado profesional sin salir de casa.\" \/>\n<meta property=\"og:url\" content=\"https:\/\/www.arenal.com\/blog\/cortar-pelo-en-casa\" \/>\n<meta property=\"og:site_name\" content=\"Blog de Arenal\" \/>\n<meta property=\"article:published_time\" content=\"2020-04-13T23:43:30+00:00\" \/>\n<meta property=\"article:modified_time\" content=\"2025-03-12T10:12:12+00:00\" \/>\n<meta property=\"og:image\" content=\"https:\/\/www.arenal.com\/blog\/wp-content\/uploads\/2020\/04\/como-cortarse-el-pelo-en-casa.png\" \/>\n\t<meta property=\"og:image:width\" content=\"1140\" \/>\n\t<meta property=\"og:image:height\" content=\"285\" \/>\n\t<meta property=\"og:image:type\" content=\"image\/png\" \/>\n<meta name=\"author\" content=\"hiberus\" \/>\n<meta name=\"twitter:card\" content=\"summary_large_image\" \/>\n<meta name=\"twitter:title\" content=\"Cortarse el pelo en casa: c\u00f3mo cortarse el pelo uno mismo | Arenal\" \/>\n<meta name=\"twitter:label1\" content=\"Escrito por\" \/>\n\t<meta name=\"twitter:data1\" content=\"hiberus\" \/>\n\t<meta name=\"twitter:label2\" content=\"Tiempo de lectura\" \/>\n\t<meta name=\"twitter:data2\" content=\"4 minutos\" \/>\n<script type=\"application\/ld+json\" class=\"yoast-schema-graph\">{\"@context\":\"https:\\\/\\\/schema.org\",\"@graph\":[{\"@type\":\"Article\",\"@id\":\"https:\\\/\\\/www.arenal.com\\\/blog\\\/cortar-pelo-en-casa#article\",\"isPartOf\":{\"@id\":\"https:\\\/\\\/www.arenal.com\\\/blog\\\/cortar-pelo-en-casa\"},\"author\":{\"name\":\"hiberus\",\"@id\":\"https:\\\/\\\/www.arenal.com\\\/blog\\\/#\\\/schema\\\/person\\\/5b0f9900f2fb7a87b0b8c40b98a29e31\"},\"headline\":\"Cortarse el pelo en casa: c\u00f3mo cortarse el pelo uno mismo\",\"datePublished\":\"2020-04-13T23:43:30+00:00\",\"dateModified\":\"2025-03-12T10:12:12+00:00\",\"mainEntityOfPage\":{\"@id\":\"https:\\\/\\\/www.arenal.com\\\/blog\\\/cortar-pelo-en-casa\"},\"wordCount\":776,\"commentCount\":0,\"image\":{\"@id\":\"https:\\\/\\\/www.arenal.com\\\/blog\\\/cortar-pelo-en-casa#primaryimage\"},\"thumbnailUrl\":\"https:\\\/\\\/www.arenal.com\\\/blog\\\/wp-content\\\/uploads\\\/2020\\\/04\\\/como-cortarse-el-pelo-en-casa.png\",\"articleSection\":[\"Tutoriales\",\"Cuidado del cabello\"],\"inLanguage\":\"es\",\"potentialAction\":[{\"@type\":\"CommentAction\",\"name\":\"Comment\",\"target\":[\"https:\\\/\\\/www.arenal.com\\\/blog\\\/cortar-pelo-en-casa#respond\"]}]},{\"@type\":\"WebPage\",\"@id\":\"https:\\\/\\\/www.arenal.com\\\/blog\\\/cortar-pelo-en-casa\",\"url\":\"https:\\\/\\\/www.arenal.com\\\/blog\\\/cortar-pelo-en-casa\",\"name\":\"C\u00f3mo cortarse el pelo en casa | Blog de Arenal\",\"isPartOf\":{\"@id\":\"https:\\\/\\\/www.arenal.com\\\/blog\\\/#website\"},\"primaryImageOfPage\":{\"@id\":\"https:\\\/\\\/www.arenal.com\\\/blog\\\/cortar-pelo-en-casa#primaryimage\"},\"image\":{\"@id\":\"https:\\\/\\\/www.arenal.com\\\/blog\\\/cortar-pelo-en-casa#primaryimage\"},\"thumbnailUrl\":\"https:\\\/\\\/www.arenal.com\\\/blog\\\/wp-content\\\/uploads\\\/2020\\\/04\\\/como-cortarse-el-pelo-en-casa.png\",\"datePublished\":\"2020-04-13T23:43:30+00:00\",\"dateModified\":\"2025-03-12T10:12:12+00:00\",\"author\":{\"@id\":\"https:\\\/\\\/www.arenal.com\\\/blog\\\/#\\\/schema\\\/person\\\/5b0f9900f2fb7a87b0b8c40b98a29e31\"},\"description\":\"Cortar el pelo en casa puede ser sencillo si sigues los consejos adecuados. En Arenal te ense\u00f1amos c\u00f3mo lograr un resultado profesional sin salir de casa.\",\"breadcrumb\":{\"@id\":\"https:\\\/\\\/www.arenal.com\\\/blog\\\/cortar-pelo-en-casa#breadcrumb\"},\"inLanguage\":\"es\",\"potentialAction\":[{\"@type\":\"ReadAction\",\"target\":[\"https:\\\/\\\/www.arenal.com\\\/blog\\\/cortar-pelo-en-casa\"]}]},{\"@type\":\"ImageObject\",\"inLanguage\":\"es\",\"@id\":\"https:\\\/\\\/www.arenal.com\\\/blog\\\/cortar-pelo-en-casa#primaryimage\",\"url\":\"https:\\\/\\\/www.arenal.com\\\/blog\\\/wp-content\\\/uploads\\\/2020\\\/04\\\/como-cortarse-el-pelo-en-casa.png\",\"contentUrl\":\"https:\\\/\\\/www.arenal.com\\\/blog\\\/wp-content\\\/uploads\\\/2020\\\/04\\\/como-cortarse-el-pelo-en-casa.png\",\"width\":1140,\"height\":285},{\"@type\":\"BreadcrumbList\",\"@id\":\"https:\\\/\\\/www.arenal.com\\\/blog\\\/cortar-pelo-en-casa#breadcrumb\",\"itemListElement\":[{\"@type\":\"ListItem\",\"position\":1,\"name\":\"Cuidado del cabello\",\"item\":\"https:\\\/\\\/www.arenal.com\\\/blog\\\/cuidado-del-cabello\"},{\"@type\":\"ListItem\",\"position\":2,\"name\":\"Cortarse el pelo en casa: c\u00f3mo cortarse el pelo uno mismo\"}]},{\"@type\":\"WebSite\",\"@id\":\"https:\\\/\\\/www.arenal.com\\\/blog\\\/#website\",\"url\":\"https:\\\/\\\/www.arenal.com\\\/blog\\\/\",\"name\":\"Blog de Arenal\",\"description\":\"\",\"potentialAction\":[{\"@type\":\"SearchAction\",\"target\":{\"@type\":\"EntryPoint\",\"urlTemplate\":\"https:\\\/\\\/www.arenal.com\\\/blog\\\/?s={search_term_string}\"},\"query-input\":{\"@type\":\"PropertyValueSpecification\",\"valueRequired\":true,\"valueName\":\"search_term_string\"}}],\"inLanguage\":\"es\"},{\"@type\":\"Person\",\"@id\":\"https:\\\/\\\/www.arenal.com\\\/blog\\\/#\\\/schema\\\/person\\\/5b0f9900f2fb7a87b0b8c40b98a29e31\",\"name\":\"hiberus\",\"image\":{\"@type\":\"ImageObject\",\"inLanguage\":\"es\",\"@id\":\"https:\\\/\\\/secure.gravatar.com\\\/avatar\\\/a0b97b568facc7d687254dae39c5cfb79af095aebc91173945f2a50629c9fe1a?s=96&d=mm&r=g\",\"url\":\"https:\\\/\\\/secure.gravatar.com\\\/avatar\\\/a0b97b568facc7d687254dae39c5cfb79af095aebc91173945f2a50629c9fe1a?s=96&d=mm&r=g\",\"contentUrl\":\"https:\\\/\\\/secure.gravatar.com\\\/avatar\\\/a0b97b568facc7d687254dae39c5cfb79af095aebc91173945f2a50629c9fe1a?s=96&d=mm&r=g\",\"caption\":\"hiberus\"},\"sameAs\":[\"https:\\\/\\\/www.arenal.com\"],\"url\":\"https:\\\/\\\/www.arenal.com\\\/blog\\\/author\\\/hiberus\"}]}<\/script>\n<!-- \/ Yoast SEO plugin. -->","yoast_head_json":{"title":"C\u00f3mo cortarse el pelo en casa | Blog de Arenal","description":"Cortar el pelo en casa puede ser sencillo si sigues los consejos adecuados. En Arenal te ense\u00f1amos c\u00f3mo lograr un resultado profesional sin salir de casa.","robots":{"index":"index","follow":"follow","max-snippet":"max-snippet:-1","max-image-preview":"max-image-preview:large","max-video-preview":"max-video-preview:-1"},"canonical":"https:\/\/www.arenal.com\/blog\/cortar-pelo-en-casa","og_locale":"es_ES","og_type":"article","og_title":"Cortarse el pelo en casa: c\u00f3mo cortarse el pelo uno mismo | Arenal","og_description":"Cortar el pelo en casa puede ser sencillo si sigues los consejos adecuados. En Arenal te ense\u00f1amos c\u00f3mo lograr un resultado profesional sin salir de casa.","og_url":"https:\/\/www.arenal.com\/blog\/cortar-pelo-en-casa","og_site_name":"Blog de Arenal","article_published_time":"2020-04-13T23:43:30+00:00","article_modified_time":"2025-03-12T10:12:12+00:00","og_image":[{"width":1140,"height":285,"url":"https:\/\/www.arenal.com\/blog\/wp-content\/uploads\/2020\/04\/como-cortarse-el-pelo-en-casa.png","type":"image\/png"}],"author":"hiberus","twitter_card":"summary_large_image","twitter_title":"Cortarse el pelo en casa: c\u00f3mo cortarse el pelo uno mismo | Arenal","twitter_misc":{"Escrito por":"hiberus","Tiempo de lectura":"4 minutos"},"schema":{"@context":"https:\/\/schema.org","@graph":[{"@type":"Article","@id":"https:\/\/www.arenal.com\/blog\/cortar-pelo-en-casa#article","isPartOf":{"@id":"https:\/\/www.arenal.com\/blog\/cortar-pelo-en-casa"},"author":{"name":"hiberus","@id":"https:\/\/www.arenal.com\/blog\/#\/schema\/person\/5b0f9900f2fb7a87b0b8c40b98a29e31"},"headline":"Cortarse el pelo en casa: c\u00f3mo cortarse el pelo uno mismo","datePublished":"2020-04-13T23:43:30+00:00","dateModified":"2025-03-12T10:12:12+00:00","mainEntityOfPage":{"@id":"https:\/\/www.arenal.com\/blog\/cortar-pelo-en-casa"},"wordCount":776,"commentCount":0,"image":{"@id":"https:\/\/www.arenal.com\/blog\/cortar-pelo-en-casa#primaryimage"},"thumbnailUrl":"https:\/\/www.arenal.com\/blog\/wp-content\/uploads\/2020\/04\/como-cortarse-el-pelo-en-casa.png","articleSection":["Tutoriales","Cuidado del cabello"],"inLanguage":"es","potentialAction":[{"@type":"CommentAction","name":"Comment","target":["https:\/\/www.arenal.com\/blog\/cortar-pelo-en-casa#respond"]}]},{"@type":"WebPage","@id":"https:\/\/www.arenal.com\/blog\/cortar-pelo-en-casa","url":"https:\/\/www.arenal.com\/blog\/cortar-pelo-en-casa","name":"C\u00f3mo cortarse el pelo en casa | Blog de Arenal","isPartOf":{"@id":"https:\/\/www.arenal.com\/blog\/#website"},"primaryImageOfPage":{"@id":"https:\/\/www.arenal.com\/blog\/cortar-pelo-en-casa#primaryimage"},"image":{"@id":"https:\/\/www.arenal.com\/blog\/cortar-pelo-en-casa#primaryimage"},"thumbnailUrl":"https:\/\/www.arenal.com\/blog\/wp-content\/uploads\/2020\/04\/como-cortarse-el-pelo-en-casa.png","datePublished":"2020-04-13T23:43:30+00:00","dateModified":"2025-03-12T10:12:12+00:00","author":{"@id":"https:\/\/www.arenal.com\/blog\/#\/schema\/person\/5b0f9900f2fb7a87b0b8c40b98a29e31"},"description":"Cortar el pelo en casa puede ser sencillo si sigues los consejos adecuados. En Arenal te ense\u00f1amos c\u00f3mo lograr un resultado profesional sin salir de casa.","breadcrumb":{"@id":"https:\/\/www.arenal.com\/blog\/cortar-pelo-en-casa#breadcrumb"},"inLanguage":"es","potentialAction":[{"@type":"ReadAction","target":["https:\/\/www.arenal.com\/blog\/cortar-pelo-en-casa"]}]},{"@type":"ImageObject","inLanguage":"es","@id":"https:\/\/www.arenal.com\/blog\/cortar-pelo-en-casa#primaryimage","url":"https:\/\/www.arenal.com\/blog\/wp-content\/uploads\/2020\/04\/como-cortarse-el-pelo-en-casa.png","contentUrl":"https:\/\/www.arenal.com\/blog\/wp-content\/uploads\/2020\/04\/como-cortarse-el-pelo-en-casa.png","width":1140,"height":285},{"@type":"BreadcrumbList","@id":"https:\/\/www.arenal.com\/blog\/cortar-pelo-en-casa#breadcrumb","itemListElement":[{"@type":"ListItem","position":1,"name":"Cuidado del cabello","item":"https:\/\/www.arenal.com\/blog\/cuidado-del-cabello"},{"@type":"ListItem","position":2,"name":"Cortarse el pelo en casa: c\u00f3mo cortarse el pelo uno mismo"}]},{"@type":"WebSite","@id":"https:\/\/www.arenal.com\/blog\/#website","url":"https:\/\/www.arenal.com\/blog\/","name":"Blog de Arenal","description":"","potentialAction":[{"@type":"SearchAction","target":{"@type":"EntryPoint","urlTemplate":"https:\/\/www.arenal.com\/blog\/?s={search_term_string}"},"query-input":{"@type":"PropertyValueSpecification","valueRequired":true,"valueName":"search_term_string"}}],"inLanguage":"es"},{"@type":"Person","@id":"https:\/\/www.arenal.com\/blog\/#\/schema\/person\/5b0f9900f2fb7a87b0b8c40b98a29e31","name":"hiberus","image":{"@type":"ImageObject","inLanguage":"es","@id":"https:\/\/secure.gravatar.com\/avatar\/a0b97b568facc7d687254dae39c5cfb79af095aebc91173945f2a50629c9fe1a?s=96&d=mm&r=g","url":"https:\/\/secure.gravatar.com\/avatar\/a0b97b568facc7d687254dae39c5cfb79af095aebc91173945f2a50629c9fe1a?s=96&d=mm&r=g","contentUrl":"https:\/\/secure.gravatar.com\/avatar\/a0b97b568facc7d687254dae39c5cfb79af095aebc91173945f2a50629c9fe1a?s=96&d=mm&r=g","caption":"hiberus"},"sameAs":["https:\/\/www.arenal.com"],"url":"https:\/\/www.arenal.com\/blog\/author\/hiberus"}]}},"_links":{"self":[{"href":"https:\/\/www.arenal.com\/blog\/wp-json\/wp\/v2\/posts\/1007","targetHints":{"allow":["GET"]}}],"collection":[{"href":"https:\/\/www.arenal.com\/blog\/wp-json\/wp\/v2\/posts"}],"about":[{"href":"https:\/\/www.arenal.com\/blog\/wp-json\/wp\/v2\/types\/post"}],"author":[{"embeddable":true,"href":"https:\/\/www.arenal.com\/blog\/wp-json\/wp\/v2\/users\/1"}],"replies":[{"embeddable":true,"href":"https:\/\/www.arenal.com\/blog\/wp-json\/wp\/v2\/comments?post=1007"}],"version-history":[{"count":4,"href":"https:\/\/www.arenal.com\/blog\/wp-json\/wp\/v2\/posts\/1007\/revisions"}],"predecessor-version":[{"id":4379,"href":"https:\/\/www.arenal.com\/blog\/wp-json\/wp\/v2\/posts\/1007\/revisions\/4379"}],"wp:featuredmedia":[{"embeddable":true,"href":"https:\/\/www.arenal.com\/blog\/wp-json\/wp\/v2\/media\/2160"}],"wp:attachment":[{"href":"https:\/\/www.arenal.com\/blog\/wp-json\/wp\/v2\/media?parent=1007"}],"wp:term":[{"taxonomy":"category","embeddable":true,"href":"https:\/\/www.arenal.com\/blog\/wp-json\/wp\/v2\/categories?post=1007"},{"taxonomy":"post_tag","embeddable":true,"href":"https:\/\/www.arenal.com\/blog\/wp-json\/wp\/v2\/tags?post=1007"}],"curies":[{"name":"wp","href":"https:\/\/api.w.org\/{rel}","templated":true}]}}