{"id":1005,"date":"2020-04-08T00:39:46","date_gmt":"2020-04-07T23:39:46","guid":{"rendered":"https:\/\/www.arenal.com\/como-tenir-pelo-en-casa\/"},"modified":"2023-09-22T08:29:24","modified_gmt":"2023-09-22T07:29:24","slug":"como-tenir-pelo-en-casa","status":"publish","type":"post","link":"https:\/\/www.arenal.com\/blog\/como-tenir-pelo-en-casa","title":{"rendered":"Te\u00f1irse el pelo en casa"},"content":{"rendered":"<p>Los d\u00edas de confinamiento van pesando cada vez m\u00e1s y las consecuencias se comienzan a notar tanto f\u00edsica como mentalmente. Quiz\u00e1 no nos apetezca ponernos nuestras mejores galas, maquillarnos y peinarnos, pero que tengamos que estar en casa no quiere decir que no necesitemos arreglarnos y sentirnos bien con nosotros mismos.<\/p>\n<p>Nuestro cabello es fundamental para nuestra autoestima y rutina, y por eso es una pieza clave en todo esto. A \u00e9l no le importa ning\u00fan virus: va creciendo, desprendi\u00e9ndose de los colores que le hemos ido a\u00f1adiendo y dejando a la luz el paso del tiempo. Por ello, probablemente en las \u00faltimas semanas te habr\u00e1s preguntado\u2026<\/p>\n<h2><strong>\u00bfC\u00f3mo puedo te\u00f1irme el pelo en casa?<\/strong><\/h2>\n<p>Hay quienes necesitan hacerlo porque siguen teletrabajando y tienen que estar siempre preparados para una videoconferencia, porque necesitan mirarse al espejo y encontrar su cabello como si nada de esto estuviese ocurriendo o incluso porque quieren hacer algo distinto, sacar fuera esa creatividad e improvisar un sal\u00f3n de peluquer\u00eda.<\/p>\n<p>Te contamos los pasos para saber <strong>c\u00f3mo te\u00f1irse el pelo en casa<\/strong> y conseguir un resultado como si acabases de salir de la peluquer\u00eda.<\/p>\n<ol>\n<li><strong>Elige el color.<\/strong> El primer paso ser\u00e1 elegir el <a href=\"https:\/\/www.arenal.com\/cabello\/coloracion\/c\/1_0000000991\">tinte de pelo<\/a> que quieres utilizar. En la web de Arenal puedes encontrar una amplia gama de marcas y tonalidades.\u00a0 \u00a0 \u00a0 \u00a0 \u00a0 \u00a0 \u00a0 \u00a0 \u00a0 \u00a0 \u00a0 \u00a0 \u00a0 \u00a0 \u00a0 \u00a0 \u00a0 Ten en cuenta el color de tus ojos, la forma de tu cara o el tono de tu piel, pero recuerda\u2026 \u00a0\u00a1Es momento de arriesgar! Prueba ese color que nunca te has atrevido a llevar o vuelve a ese tono que tanto te gustaba.<\/li>\n<li><strong>Prep\u00e1rate.<\/strong> Si es la primera vez que utilizas esa marca lo ideal es que compruebes si te produce alergia. Coge un poco de producto con un bastoncillo, apl\u00edcatelo detr\u00e1s de la oreja o la nuca y espera 48 horas. Si no te genera ninguna reacci\u00f3n, adelante. \u00a1Puedes empezar! Escoge una toalla a la que no le tengas mucho aprecio y ponte un poco de crema hidratante o vaselina en el cuello, el contorno del rostro y las orejas para evitar las manchas de tinte.<\/li>\n<li><strong>Aplica el tinte<\/strong>. El pelo debe estar seco y es mejor si lo hemos lavado hace uno o dos d\u00edas para que el color se impregne bien y evitemos irritaciones. Utiliza los guantes y los aplicadores para facilitar el proceso y realiza la mezcla como se indica en las instrucciones. A la hora de aplicar el tinte es importante que dividas el pelo por capas para que no quede ninguna zona sin te\u00f1ir. Si tu prioridad es tapar las canas o solo cubrir la ra\u00edz usa la mayor parte del tinte en esa zona y extiende lo que quede por todo el pelo. \u00a1Importante! No lo dejes m\u00e1s tiempo del indicado, solo conseguir\u00e1s irritar el cuero cabelludo.<\/li>\n<li><strong>Aclara el cabello.<\/strong> Tras el tiempo indicado, lava el pelo hasta que no queden restos de tinte con agua fr\u00eda o tibia para sellar la cut\u00edcula y asentar el color. Si la coloraci\u00f3n elegida para te\u00f1irte en casa incluye mascarilla util\u00edzala, en caso contrario usa otra. Exti\u00e9ndela desde la mitad del cabello hasta las puntas con un peine para reparar e hidratar en profundidad. Si quedan algunas manchas de tinte en la piel utiliza un algod\u00f3n con alcohol para retirarlas. Por \u00faltimo, deja secar el pelo al aire libre y no lo laves hasta pasadas 24 horas.<\/li>\n<\/ol>\n<p>Ya sabes c\u00f3mo puedes te\u00f1ir el pelo en casa\u2026 \u00bfA qu\u00e9 esperas para probarlo?<\/p>\n","protected":false},"excerpt":{"rendered":"<p>Te\u00f1irse el pelo en casa es posible, y adem\u00e1s es f\u00e1cil hacerlo bien. Te contamos c\u00f3mo hacerlo paso a paso y con todos los detalles para que quede perfecto.<\/p>\n","protected":false},"author":1,"featured_media":1428,"comment_status":"open","ping_status":"open","sticky":false,"template":"","format":"standard","meta":{"footnotes":""},"categories":[234],"tags":[],"class_list":["post-1005","post","type-post","status-publish","format-standard","has-post-thumbnail","hentry","category-cuidado-del-cabello"],"featured_image_src":"https:\/\/www.arenal.com\/blog\/wp-content\/uploads\/2022\/01\/8954802438174.jpeg","author_info":{"display_name":"hiberus","author_link":"https:\/\/www.arenal.com\/blog\/author\/hiberus"},"yoast_head":"<!-- This site is optimized with the Yoast SEO plugin v27.4 - https:\/\/yoast.com\/product\/yoast-seo-wordpress\/ -->\n<title>C\u00f3mo te\u00f1irse el pelo en casa paso a paso | Blog Arenal<\/title>\n<meta name=\"description\" content=\"Te\u00f1irse el pelo en casa es posible, y adem\u00e1s es f\u00e1cil hacerlo bien. Te contamos c\u00f3mo hacerlo paso a paso y con todos los detalles para que quede perfecto.\" \/>\n<meta name=\"robots\" content=\"index, follow, max-snippet:-1, max-image-preview:large, max-video-preview:-1\" \/>\n<link rel=\"canonical\" href=\"https:\/\/www.arenal.com\/blog\/como-tenir-pelo-en-casa\" \/>\n<meta property=\"og:locale\" content=\"es_ES\" \/>\n<meta property=\"og:type\" content=\"article\" \/>\n<meta property=\"og:title\" content=\"C\u00f3mo te\u00f1irse el pelo en casa paso a paso | Blog Arenal\" \/>\n<meta property=\"og:description\" content=\"Te\u00f1irse el pelo en casa es posible, y adem\u00e1s es f\u00e1cil hacerlo bien. Te contamos c\u00f3mo hacerlo paso a paso y con todos los detalles para que quede perfecto.\" \/>\n<meta property=\"og:url\" content=\"https:\/\/www.arenal.com\/blog\/como-tenir-pelo-en-casa\" \/>\n<meta property=\"og:site_name\" content=\"Blog de Arenal\" \/>\n<meta property=\"article:published_time\" content=\"2020-04-07T23:39:46+00:00\" \/>\n<meta property=\"article:modified_time\" content=\"2023-09-22T07:29:24+00:00\" \/>\n<meta property=\"og:image\" content=\"https:\/\/www.arenal.com\/blog\/wp-content\/uploads\/2022\/01\/8954802438174.jpeg\" \/>\n\t<meta property=\"og:image:width\" content=\"1140\" \/>\n\t<meta property=\"og:image:height\" content=\"251\" \/>\n\t<meta property=\"og:image:type\" content=\"image\/jpeg\" \/>\n<meta name=\"author\" content=\"hiberus\" \/>\n<meta name=\"twitter:card\" content=\"summary_large_image\" \/>\n<meta name=\"twitter:title\" content=\"C\u00f3mo te\u00f1irse el pelo en casa paso a paso | Blog Arenal\" \/>\n<meta name=\"twitter:label1\" content=\"Escrito por\" \/>\n\t<meta name=\"twitter:data1\" content=\"hiberus\" \/>\n\t<meta name=\"twitter:label2\" content=\"Tiempo de lectura\" \/>\n\t<meta name=\"twitter:data2\" content=\"3 minutos\" \/>\n<script type=\"application\/ld+json\" class=\"yoast-schema-graph\">{\"@context\":\"https:\\\/\\\/schema.org\",\"@graph\":[{\"@type\":\"Article\",\"@id\":\"https:\\\/\\\/www.arenal.com\\\/blog\\\/como-tenir-pelo-en-casa#article\",\"isPartOf\":{\"@id\":\"https:\\\/\\\/www.arenal.com\\\/blog\\\/como-tenir-pelo-en-casa\"},\"author\":{\"name\":\"hiberus\",\"@id\":\"https:\\\/\\\/www.arenal.com\\\/blog\\\/#\\\/schema\\\/person\\\/5b0f9900f2fb7a87b0b8c40b98a29e31\"},\"headline\":\"Te\u00f1irse el pelo en casa\",\"datePublished\":\"2020-04-07T23:39:46+00:00\",\"dateModified\":\"2023-09-22T07:29:24+00:00\",\"mainEntityOfPage\":{\"@id\":\"https:\\\/\\\/www.arenal.com\\\/blog\\\/como-tenir-pelo-en-casa\"},\"wordCount\":608,\"commentCount\":0,\"image\":{\"@id\":\"https:\\\/\\\/www.arenal.com\\\/blog\\\/como-tenir-pelo-en-casa#primaryimage\"},\"thumbnailUrl\":\"https:\\\/\\\/www.arenal.com\\\/blog\\\/wp-content\\\/uploads\\\/2022\\\/01\\\/8954802438174.jpeg\",\"articleSection\":[\"Cuidado del cabello\"],\"inLanguage\":\"es\",\"potentialAction\":[{\"@type\":\"CommentAction\",\"name\":\"Comment\",\"target\":[\"https:\\\/\\\/www.arenal.com\\\/blog\\\/como-tenir-pelo-en-casa#respond\"]}]},{\"@type\":\"WebPage\",\"@id\":\"https:\\\/\\\/www.arenal.com\\\/blog\\\/como-tenir-pelo-en-casa\",\"url\":\"https:\\\/\\\/www.arenal.com\\\/blog\\\/como-tenir-pelo-en-casa\",\"name\":\"C\u00f3mo te\u00f1irse el pelo en casa paso a paso | Blog Arenal\",\"isPartOf\":{\"@id\":\"https:\\\/\\\/www.arenal.com\\\/blog\\\/#website\"},\"primaryImageOfPage\":{\"@id\":\"https:\\\/\\\/www.arenal.com\\\/blog\\\/como-tenir-pelo-en-casa#primaryimage\"},\"image\":{\"@id\":\"https:\\\/\\\/www.arenal.com\\\/blog\\\/como-tenir-pelo-en-casa#primaryimage\"},\"thumbnailUrl\":\"https:\\\/\\\/www.arenal.com\\\/blog\\\/wp-content\\\/uploads\\\/2022\\\/01\\\/8954802438174.jpeg\",\"datePublished\":\"2020-04-07T23:39:46+00:00\",\"dateModified\":\"2023-09-22T07:29:24+00:00\",\"author\":{\"@id\":\"https:\\\/\\\/www.arenal.com\\\/blog\\\/#\\\/schema\\\/person\\\/5b0f9900f2fb7a87b0b8c40b98a29e31\"},\"description\":\"Te\u00f1irse el pelo en casa es posible, y adem\u00e1s es f\u00e1cil hacerlo bien. Te contamos c\u00f3mo hacerlo paso a paso y con todos los detalles para que quede perfecto.\",\"breadcrumb\":{\"@id\":\"https:\\\/\\\/www.arenal.com\\\/blog\\\/como-tenir-pelo-en-casa#breadcrumb\"},\"inLanguage\":\"es\",\"potentialAction\":[{\"@type\":\"ReadAction\",\"target\":[\"https:\\\/\\\/www.arenal.com\\\/blog\\\/como-tenir-pelo-en-casa\"]}]},{\"@type\":\"ImageObject\",\"inLanguage\":\"es\",\"@id\":\"https:\\\/\\\/www.arenal.com\\\/blog\\\/como-tenir-pelo-en-casa#primaryimage\",\"url\":\"https:\\\/\\\/www.arenal.com\\\/blog\\\/wp-content\\\/uploads\\\/2022\\\/01\\\/8954802438174.jpeg\",\"contentUrl\":\"https:\\\/\\\/www.arenal.com\\\/blog\\\/wp-content\\\/uploads\\\/2022\\\/01\\\/8954802438174.jpeg\",\"width\":1140,\"height\":251,\"caption\":\"Te\u00f1irse el pelo en casa\"},{\"@type\":\"BreadcrumbList\",\"@id\":\"https:\\\/\\\/www.arenal.com\\\/blog\\\/como-tenir-pelo-en-casa#breadcrumb\",\"itemListElement\":[{\"@type\":\"ListItem\",\"position\":1,\"name\":\"Cuidado del cabello\",\"item\":\"https:\\\/\\\/www.arenal.com\\\/blog\\\/cuidado-del-cabello\"},{\"@type\":\"ListItem\",\"position\":2,\"name\":\"Te\u00f1irse el pelo en casa\"}]},{\"@type\":\"WebSite\",\"@id\":\"https:\\\/\\\/www.arenal.com\\\/blog\\\/#website\",\"url\":\"https:\\\/\\\/www.arenal.com\\\/blog\\\/\",\"name\":\"Blog de Arenal\",\"description\":\"\",\"potentialAction\":[{\"@type\":\"SearchAction\",\"target\":{\"@type\":\"EntryPoint\",\"urlTemplate\":\"https:\\\/\\\/www.arenal.com\\\/blog\\\/?s={search_term_string}\"},\"query-input\":{\"@type\":\"PropertyValueSpecification\",\"valueRequired\":true,\"valueName\":\"search_term_string\"}}],\"inLanguage\":\"es\"},{\"@type\":\"Person\",\"@id\":\"https:\\\/\\\/www.arenal.com\\\/blog\\\/#\\\/schema\\\/person\\\/5b0f9900f2fb7a87b0b8c40b98a29e31\",\"name\":\"hiberus\",\"image\":{\"@type\":\"ImageObject\",\"inLanguage\":\"es\",\"@id\":\"https:\\\/\\\/secure.gravatar.com\\\/avatar\\\/a0b97b568facc7d687254dae39c5cfb79af095aebc91173945f2a50629c9fe1a?s=96&d=mm&r=g\",\"url\":\"https:\\\/\\\/secure.gravatar.com\\\/avatar\\\/a0b97b568facc7d687254dae39c5cfb79af095aebc91173945f2a50629c9fe1a?s=96&d=mm&r=g\",\"contentUrl\":\"https:\\\/\\\/secure.gravatar.com\\\/avatar\\\/a0b97b568facc7d687254dae39c5cfb79af095aebc91173945f2a50629c9fe1a?s=96&d=mm&r=g\",\"caption\":\"hiberus\"},\"sameAs\":[\"https:\\\/\\\/www.arenal.com\"],\"url\":\"https:\\\/\\\/www.arenal.com\\\/blog\\\/author\\\/hiberus\"}]}<\/script>\n<!-- \/ Yoast SEO plugin. -->","yoast_head_json":{"title":"C\u00f3mo te\u00f1irse el pelo en casa paso a paso | Blog Arenal","description":"Te\u00f1irse el pelo en casa es posible, y adem\u00e1s es f\u00e1cil hacerlo bien. Te contamos c\u00f3mo hacerlo paso a paso y con todos los detalles para que quede perfecto.","robots":{"index":"index","follow":"follow","max-snippet":"max-snippet:-1","max-image-preview":"max-image-preview:large","max-video-preview":"max-video-preview:-1"},"canonical":"https:\/\/www.arenal.com\/blog\/como-tenir-pelo-en-casa","og_locale":"es_ES","og_type":"article","og_title":"C\u00f3mo te\u00f1irse el pelo en casa paso a paso | Blog Arenal","og_description":"Te\u00f1irse el pelo en casa es posible, y adem\u00e1s es f\u00e1cil hacerlo bien. Te contamos c\u00f3mo hacerlo paso a paso y con todos los detalles para que quede perfecto.","og_url":"https:\/\/www.arenal.com\/blog\/como-tenir-pelo-en-casa","og_site_name":"Blog de Arenal","article_published_time":"2020-04-07T23:39:46+00:00","article_modified_time":"2023-09-22T07:29:24+00:00","og_image":[{"width":1140,"height":251,"url":"https:\/\/www.arenal.com\/blog\/wp-content\/uploads\/2022\/01\/8954802438174.jpeg","type":"image\/jpeg"}],"author":"hiberus","twitter_card":"summary_large_image","twitter_title":"C\u00f3mo te\u00f1irse el pelo en casa paso a paso | Blog Arenal","twitter_misc":{"Escrito por":"hiberus","Tiempo de lectura":"3 minutos"},"schema":{"@context":"https:\/\/schema.org","@graph":[{"@type":"Article","@id":"https:\/\/www.arenal.com\/blog\/como-tenir-pelo-en-casa#article","isPartOf":{"@id":"https:\/\/www.arenal.com\/blog\/como-tenir-pelo-en-casa"},"author":{"name":"hiberus","@id":"https:\/\/www.arenal.com\/blog\/#\/schema\/person\/5b0f9900f2fb7a87b0b8c40b98a29e31"},"headline":"Te\u00f1irse el pelo en casa","datePublished":"2020-04-07T23:39:46+00:00","dateModified":"2023-09-22T07:29:24+00:00","mainEntityOfPage":{"@id":"https:\/\/www.arenal.com\/blog\/como-tenir-pelo-en-casa"},"wordCount":608,"commentCount":0,"image":{"@id":"https:\/\/www.arenal.com\/blog\/como-tenir-pelo-en-casa#primaryimage"},"thumbnailUrl":"https:\/\/www.arenal.com\/blog\/wp-content\/uploads\/2022\/01\/8954802438174.jpeg","articleSection":["Cuidado del cabello"],"inLanguage":"es","potentialAction":[{"@type":"CommentAction","name":"Comment","target":["https:\/\/www.arenal.com\/blog\/como-tenir-pelo-en-casa#respond"]}]},{"@type":"WebPage","@id":"https:\/\/www.arenal.com\/blog\/como-tenir-pelo-en-casa","url":"https:\/\/www.arenal.com\/blog\/como-tenir-pelo-en-casa","name":"C\u00f3mo te\u00f1irse el pelo en casa paso a paso | Blog Arenal","isPartOf":{"@id":"https:\/\/www.arenal.com\/blog\/#website"},"primaryImageOfPage":{"@id":"https:\/\/www.arenal.com\/blog\/como-tenir-pelo-en-casa#primaryimage"},"image":{"@id":"https:\/\/www.arenal.com\/blog\/como-tenir-pelo-en-casa#primaryimage"},"thumbnailUrl":"https:\/\/www.arenal.com\/blog\/wp-content\/uploads\/2022\/01\/8954802438174.jpeg","datePublished":"2020-04-07T23:39:46+00:00","dateModified":"2023-09-22T07:29:24+00:00","author":{"@id":"https:\/\/www.arenal.com\/blog\/#\/schema\/person\/5b0f9900f2fb7a87b0b8c40b98a29e31"},"description":"Te\u00f1irse el pelo en casa es posible, y adem\u00e1s es f\u00e1cil hacerlo bien. Te contamos c\u00f3mo hacerlo paso a paso y con todos los detalles para que quede perfecto.","breadcrumb":{"@id":"https:\/\/www.arenal.com\/blog\/como-tenir-pelo-en-casa#breadcrumb"},"inLanguage":"es","potentialAction":[{"@type":"ReadAction","target":["https:\/\/www.arenal.com\/blog\/como-tenir-pelo-en-casa"]}]},{"@type":"ImageObject","inLanguage":"es","@id":"https:\/\/www.arenal.com\/blog\/como-tenir-pelo-en-casa#primaryimage","url":"https:\/\/www.arenal.com\/blog\/wp-content\/uploads\/2022\/01\/8954802438174.jpeg","contentUrl":"https:\/\/www.arenal.com\/blog\/wp-content\/uploads\/2022\/01\/8954802438174.jpeg","width":1140,"height":251,"caption":"Te\u00f1irse el pelo en casa"},{"@type":"BreadcrumbList","@id":"https:\/\/www.arenal.com\/blog\/como-tenir-pelo-en-casa#breadcrumb","itemListElement":[{"@type":"ListItem","position":1,"name":"Cuidado del cabello","item":"https:\/\/www.arenal.com\/blog\/cuidado-del-cabello"},{"@type":"ListItem","position":2,"name":"Te\u00f1irse el pelo en casa"}]},{"@type":"WebSite","@id":"https:\/\/www.arenal.com\/blog\/#website","url":"https:\/\/www.arenal.com\/blog\/","name":"Blog de Arenal","description":"","potentialAction":[{"@type":"SearchAction","target":{"@type":"EntryPoint","urlTemplate":"https:\/\/www.arenal.com\/blog\/?s={search_term_string}"},"query-input":{"@type":"PropertyValueSpecification","valueRequired":true,"valueName":"search_term_string"}}],"inLanguage":"es"},{"@type":"Person","@id":"https:\/\/www.arenal.com\/blog\/#\/schema\/person\/5b0f9900f2fb7a87b0b8c40b98a29e31","name":"hiberus","image":{"@type":"ImageObject","inLanguage":"es","@id":"https:\/\/secure.gravatar.com\/avatar\/a0b97b568facc7d687254dae39c5cfb79af095aebc91173945f2a50629c9fe1a?s=96&d=mm&r=g","url":"https:\/\/secure.gravatar.com\/avatar\/a0b97b568facc7d687254dae39c5cfb79af095aebc91173945f2a50629c9fe1a?s=96&d=mm&r=g","contentUrl":"https:\/\/secure.gravatar.com\/avatar\/a0b97b568facc7d687254dae39c5cfb79af095aebc91173945f2a50629c9fe1a?s=96&d=mm&r=g","caption":"hiberus"},"sameAs":["https:\/\/www.arenal.com"],"url":"https:\/\/www.arenal.com\/blog\/author\/hiberus"}]}},"_links":{"self":[{"href":"https:\/\/www.arenal.com\/blog\/wp-json\/wp\/v2\/posts\/1005","targetHints":{"allow":["GET"]}}],"collection":[{"href":"https:\/\/www.arenal.com\/blog\/wp-json\/wp\/v2\/posts"}],"about":[{"href":"https:\/\/www.arenal.com\/blog\/wp-json\/wp\/v2\/types\/post"}],"author":[{"embeddable":true,"href":"https:\/\/www.arenal.com\/blog\/wp-json\/wp\/v2\/users\/1"}],"replies":[{"embeddable":true,"href":"https:\/\/www.arenal.com\/blog\/wp-json\/wp\/v2\/comments?post=1005"}],"version-history":[{"count":3,"href":"https:\/\/www.arenal.com\/blog\/wp-json\/wp\/v2\/posts\/1005\/revisions"}],"predecessor-version":[{"id":4378,"href":"https:\/\/www.arenal.com\/blog\/wp-json\/wp\/v2\/posts\/1005\/revisions\/4378"}],"wp:featuredmedia":[{"embeddable":true,"href":"https:\/\/www.arenal.com\/blog\/wp-json\/wp\/v2\/media\/1428"}],"wp:attachment":[{"href":"https:\/\/www.arenal.com\/blog\/wp-json\/wp\/v2\/media?parent=1005"}],"wp:term":[{"taxonomy":"category","embeddable":true,"href":"https:\/\/www.arenal.com\/blog\/wp-json\/wp\/v2\/categories?post=1005"},{"taxonomy":"post_tag","embeddable":true,"href":"https:\/\/www.arenal.com\/blog\/wp-json\/wp\/v2\/tags?post=1005"}],"curies":[{"name":"wp","href":"https:\/\/api.w.org\/{rel}","templated":true}]}}